{"id":266917,"date":"2025-07-14T07:11:09","date_gmt":"2025-07-14T07:11:09","guid":{"rendered":"https:\/\/www.europesays.com\/de\/266917\/"},"modified":"2025-07-14T07:11:09","modified_gmt":"2025-07-14T07:11:09","slug":"fw-stuttgart-brand-einer-industriemaschine-in-stuttgart-feuerbach","status":"publish","type":"post","link":"https:\/\/www.europesays.com\/de\/266917\/","title":{"rendered":"FW Stuttgart: Brand einer Industriemaschine in Stuttgart-Feuerbach"},"content":{"rendered":"<p class=\"date\">14.07.2025 \u2013 09:05<\/p>\n<p class=\"customer\">\n                        <a class=\"story-customer\" title=\"weiter zum newsroom von Feuerwehr Stuttgart\" href=\"https:\/\/www.presseportal.de\/blaulicht\/nr\/161590\" rel=\"nofollow noopener\" target=\"_blank\">Feuerwehr Stuttgart<\/a>\n                    <\/p>\n<p><a data-category=\"citylink-story-view\" data-action=\"click\" data-label=\"Citylink in Meldungsansicht\" class=\"story-city event-trigger\" href=\"https:\/\/www.presseportal.de\/regional\/Stuttgart\" title=\"News aus Stuttgart \" rel=\"nofollow noopener\" target=\"_blank\">Stuttgart<\/a> (ots)<\/p>\n<p>   &#8211;\tIndustriemaschine steht in Vollbrand   &#8211;\t\u00dcbergreifen auf weitere Geb\u00e4udeteile in letzter Minute<br \/>\nverhindert   &#8211;\tKeine verletzen Personen<\/p>\n<p>Am fr\u00fchen Montagmorgen l\u00f6ste gegen 06:15 Uhr die automatische Brandmeldeanlage eines Industriebetriebes in der Wernerstra\u00dfe in Stuttgart-Feuerbach aus. Bereits vier Minuten nach der Alarmierung traf der alarmierte L\u00f6schzug der Berufsfeuerwehr vor Ort ein und meldete eine starke Rauchentwicklung aus einer Produktionshalle. Die im Geb\u00e4ude befindlichen Mitarbeiter des Unternehmens hatten das Geb\u00e4ude bei Eintreffen der Feuerwehr bereits vorbildlich verlassen und wiesen die Einsatzkr\u00e4fte ein. Es gab kam zu keinen verletzten Personen.<\/p>\n<p>Zwei Atemschutztrupps konnten die in Vollbrand stehende Maschine l\u00f6schen und somit in letzter Minute einen Brand\u00fcberschlag auf weitere Geb\u00e4udeteile verhindern. Zwei Fertigungshallen des Industriebetriebes waren verraucht. Zur Entrauchung kam ein L\u00f6schunterst\u00fctzungsfahrzeug (LUF) zum Einsatz. Auf dem kettenbetriebenen und ferngesteuerten Fahrgestell ist ein Gro\u00dfl\u00fcfter montiert, welcher den Brandrauch aus dem Geb\u00e4ude dr\u00fcckte.<\/p>\n<p>Der Feuerwehreinsatz konnte gegen 08:30 Uhr beendet und die Einsatzstelle an die Unternehmensverantwortlichen \u00fcbergeben werden. Im Einsatz waren rund 50 Einsatzkr\u00e4fte von Berufsfeuerwehr und Freiwilliger Feuerwehr sowie der Rettungsdienst und die Polizei.<\/p>\n<p>Einsatzkr\u00e4fte der Berufsfeuerwehr:<\/p>\n<p>Feuerwache 2:\tInspektionsdienst, Ger\u00e4tewagen-Logistik, Wechselladerfahrzeug mit Abrollbeh\u00e4lter L\u00fcftung<\/p>\n<p>Feuerwache 3:\tL\u00f6schzug, Direktionsdient<\/p>\n<p>Feuerwache 4:\tL\u00f6schzug, Ger\u00e4tewagen Atemschutz-Messtechnik<\/p>\n<p>Freiwillige Feuerwehr<\/p>\n<p>Abteilung Stammheim: L\u00f6schfahrzeug<\/p>\n<p>Abteilung Hedelfingen: Ger\u00e4tewagen-Messtechnik<\/p>\n<p>Rettungsdienst: Rettungswagen, Organisatorischer Leiter Rettungsdienst<\/p>\n<p class=\"contact-headline\">R\u00fcckfragen bitte an:<\/p>\n<p class=\"contact-text\">Feuerwehr Stuttgart<br \/>Presse- und \u00d6ffentlichkeitsarbeit<\/p>\n<p>0711 216 73555<br \/><a href=\"https:\/\/www.presseportal.de\/blaulicht\/pm\/161590\/mailto: 37-Pressestelle@stuttgart.de\" class=\"uri-mailto\" rel=\"nofollow noopener\" target=\"_blank\"> 37-Pressestelle@stuttgart.de<\/a><br \/><a target=\"_blank\" class=\"uri-ext outbound\" rel=\"noopener nofollow\" href=\"https:\/\/www.feuerwehr-stuttgart.de\">www.feuerwehr-stuttgart.de<\/a><\/p>\n<p class=\"originator\">Original-Content von: Feuerwehr Stuttgart, \u00fcbermittelt durch news aktuell<\/p>\n","protected":false},"excerpt":{"rendered":"14.07.2025 \u2013 09:05 Feuerwehr Stuttgart Stuttgart (ots) &#8211; Industriemaschine steht in Vollbrand &#8211; \u00dcbergreifen auf weitere Geb\u00e4udeteile in&hellip;\n","protected":false},"author":2,"featured_media":108,"comment_status":"","ping_status":"","sticky":false,"template":"","format":"standard","meta":{"footnotes":""},"categories":[1830],"tags":[1634,2919,6187,3364,29,985,30,178,180,179,181,1441],"class_list":{"0":"post-266917","1":"post","2":"type-post","3":"status-publish","4":"format-standard","5":"has-post-thumbnail","7":"category-stuttgart","8":"tag-baden-wuerttemberg","9":"tag-brand","10":"tag-bw","11":"tag-de","12":"tag-deutschland","13":"tag-feuerwehr","14":"tag-germany","15":"tag-presse","16":"tag-pressemeldung","17":"tag-pressemitteilung","18":"tag-pressemitteilungen","19":"tag-stuttgart"},"share_on_mastodon":{"url":"https:\/\/pubeurope.com\/@de\/114850344837362131","error":""},"_links":{"self":[{"href":"https:\/\/www.europesays.com\/de\/wp-json\/wp\/v2\/posts\/266917","targetHints":{"allow":["GET"]}}],"collection":[{"href":"https:\/\/www.europesays.com\/de\/wp-json\/wp\/v2\/posts"}],"about":[{"href":"https:\/\/www.europesays.com\/de\/wp-json\/wp\/v2\/types\/post"}],"author":[{"embeddable":true,"href":"https:\/\/www.europesays.com\/de\/wp-json\/wp\/v2\/users\/2"}],"replies":[{"embeddable":true,"href":"https:\/\/www.europesays.com\/de\/wp-json\/wp\/v2\/comments?post=266917"}],"version-history":[{"count":0,"href":"https:\/\/www.europesays.com\/de\/wp-json\/wp\/v2\/posts\/266917\/revisions"}],"wp:featuredmedia":[{"embeddable":true,"href":"https:\/\/www.europesays.com\/de\/wp-json\/wp\/v2\/media\/108"}],"wp:attachment":[{"href":"https:\/\/www.europesays.com\/de\/wp-json\/wp\/v2\/media?parent=266917"}],"wp:term":[{"taxonomy":"category","embeddable":true,"href":"https:\/\/www.europesays.com\/de\/wp-json\/wp\/v2\/categories?post=266917"},{"taxonomy":"post_tag","embeddable":true,"href":"https:\/\/www.europesays.com\/de\/wp-json\/wp\/v2\/tags?post=266917"}],"curies":[{"name":"wp","href":"https:\/\/api.w.org\/{rel}","templated":true}]}}