{"id":266925,"date":"2025-07-14T07:16:12","date_gmt":"2025-07-14T07:16:12","guid":{"rendered":"https:\/\/www.europesays.com\/de\/266925\/"},"modified":"2025-07-14T07:16:12","modified_gmt":"2025-07-14T07:16:12","slug":"antrag-auf-festplatz-fuer-obermenzing-im-bezirksausschuss-21","status":"publish","type":"post","link":"https:\/\/www.europesays.com\/de\/266925\/","title":{"rendered":"Antrag auf Festplatz f\u00fcr Obermenzing im Bezirksausschuss 21"},"content":{"rendered":"<p class=\"article-text\">Zwei der drei Container im Durchblick werden in n\u00e4chster Zeit abgebaut. Nur der erste Container bleibt f\u00fcr Hort und Mittagsbetreuung der Grundschule erhalten. Wie w\u00e4re es, wenn der freiwerdende Platz als gro\u00dfer Obermenzinger Festplatz genutzt werden w\u00fcrde? \u201eWir haben eine wunderbare Anbindung an die Pfarrei, die Schulen, die Blutenburg\u201c, z\u00e4hlte Antragsteller Andreas Ellmaier die Vorteile auf. \u201eUnd der Platz ist mit Wasser- und Stromversorgung optimal angeschlossen. Besser geht es nicht\u201c, meinte er und erinnerte an das Burschenfest auf der Wiese am Erdbeerfeld, als insbesondere f\u00fcr Strom und Wasser sehr viel Geld in die Hand genommen werden musste, um Interimsanschl\u00fcsse zu legen.<\/p>\n","protected":false},"excerpt":{"rendered":"Zwei der drei Container im Durchblick werden in n\u00e4chster Zeit abgebaut. Nur der erste Container bleibt f\u00fcr Hort&hellip;\n","protected":false},"author":2,"featured_media":266926,"comment_status":"","ping_status":"","sticky":false,"template":"","format":"standard","meta":{"footnotes":""},"categories":[1827],"tags":[772,29,30,1268,80403,9062],"class_list":{"0":"post-266925","1":"post","2":"type-post","3":"status-publish","4":"format-standard","5":"has-post-thumbnail","7":"category-muenchen","8":"tag-bayern","9":"tag-deutschland","10":"tag-germany","11":"tag-muenchen","12":"tag-obermenzing-muenchen","13":"tag-politische-themen"},"share_on_mastodon":{"url":"https:\/\/pubeurope.com\/@de\/114850364384031994","error":""},"_links":{"self":[{"href":"https:\/\/www.europesays.com\/de\/wp-json\/wp\/v2\/posts\/266925","targetHints":{"allow":["GET"]}}],"collection":[{"href":"https:\/\/www.europesays.com\/de\/wp-json\/wp\/v2\/posts"}],"about":[{"href":"https:\/\/www.europesays.com\/de\/wp-json\/wp\/v2\/types\/post"}],"author":[{"embeddable":true,"href":"https:\/\/www.europesays.com\/de\/wp-json\/wp\/v2\/users\/2"}],"replies":[{"embeddable":true,"href":"https:\/\/www.europesays.com\/de\/wp-json\/wp\/v2\/comments?post=266925"}],"version-history":[{"count":0,"href":"https:\/\/www.europesays.com\/de\/wp-json\/wp\/v2\/posts\/266925\/revisions"}],"wp:featuredmedia":[{"embeddable":true,"href":"https:\/\/www.europesays.com\/de\/wp-json\/wp\/v2\/media\/266926"}],"wp:attachment":[{"href":"https:\/\/www.europesays.com\/de\/wp-json\/wp\/v2\/media?parent=266925"}],"wp:term":[{"taxonomy":"category","embeddable":true,"href":"https:\/\/www.europesays.com\/de\/wp-json\/wp\/v2\/categories?post=266925"},{"taxonomy":"post_tag","embeddable":true,"href":"https:\/\/www.europesays.com\/de\/wp-json\/wp\/v2\/tags?post=266925"}],"curies":[{"name":"wp","href":"https:\/\/api.w.org\/{rel}","templated":true}]}}