{"id":266962,"date":"2025-07-14T07:38:13","date_gmt":"2025-07-14T07:38:13","guid":{"rendered":"https:\/\/www.europesays.com\/de\/266962\/"},"modified":"2025-07-14T07:38:13","modified_gmt":"2025-07-14T07:38:13","slug":"als-sie-ihn-wiedersieht-trifft-sie-der-schlag","status":"publish","type":"post","link":"https:\/\/www.europesays.com\/de\/266962\/","title":{"rendered":"Als sie ihn wiedersieht, trifft sie der Schlag"},"content":{"rendered":"<p>\n                                                                                                                                                    14.07.2025\u00a008:27                \u00a0155.689\n                            <\/p>\n<p>            Frau l\u00e4sst Schwiegermutter auf Hund aufpassen: Als sie ihn wiedersieht, trifft sie der Schlag<\/p>\n<p>Als die US-Amerikanerin Sarah ihren Australian Shepherd Bear nach einem Kalifornien-Trip wiedersah, traute sie ihren Augen nicht.<\/p>\n<p class=\"\">Utah (USA) &#8211; <b>Sie hatte volles Vertrauen gehabt &#8211; zu Unrecht, wie Sarah (28) eine Woche sp\u00e4ter feststellen musste. Die Hundebesitzerin aus Utah war Ende Juni zusammen mit ihrem Mann f\u00fcr eine Woche nach Kalifornien gereist. Zur\u00fcck blieb ihr Hund Bear zusammen mit seinem Artgenossen Shadow bei Sarahs Schwiegermutter. Doch als sie Bear nach dem Kalifornien-Trip wiedersah, verschlug es ihr die Sprache. <\/b>\n<\/p>\n<p>            <img loading=\"lazy\" decoding=\"async\" class=\"article__img\" alt=\"So sah Australian Shepherd Bear vor der Abreise seines Frauchens Sarah (28) aus.\" width=\"951\" height=\"634\" src=\"https:\/\/www.europesays.com\/de\/wp-content\/uploads\/2025\/07\/s4kjumxtjldujeeybxm6a70k1pcsyhhv.jpg\"  \/><\/p>\n<p>            So sah Australian Shepherd Bear vor der Abreise seines Frauchens Sarah (28) aus.\u00a0\u00a0\u00a9\u00a0TikTok\/Screenshot\/buppo.and.bear<\/p>\n<p>&#8222;Ich war einfach fassungslos. Ich glaube, ich habe sie nach unserer Ankunft kaum mehr als kurz begr\u00fc\u00dft&#8220;, sagte Sarah jetzt in einem Interview mit <a href=\"https:\/\/www.newsweek.com\/mother-law-shaves-dogs-fur-2096486\" target=\"_blank\" rel=\"noopener nofollow\" data-vars-href=\"https:\/\/www.newsweek.com\/mother-law-shaves-dogs-fur-2096486\" data-vars->Newsweek<\/a>.<\/p>\n<p>Der Grund: Ihre Schwiegermutter hatte dem Australian Shepherd ohne Absprache das Fell geschoren. <\/p>\n<p>Was im ersten Moment wie eine Lappalie klingt, geht tiefer. Denn Australian Shepherds geh\u00f6ren zu den Hunden, die mit einem doppelten Haarkleid ausgestattet sind.<\/p>\n<p>                             <a data-aid=\"3403347\" data-atype=\"news\" data-aplacement=\"inread-article\" data-aplacementid=\"3403060\" href=\"https:\/\/www.tag24.de\/thema\/tiere\/hunde\/hund-bricht-sich-das-bein-was-katze-dann-tut-sorgt-bei-besitzern-fuer-staunen-3403347\" rel=\"nofollow noopener\" target=\"_blank\"><img loading=\"lazy\" decoding=\"async\" width=\"85\" height=\"57\" alt=\"Hund bricht sich das Bein: Was Katze dann tut, sorgt bei Besitzern f\u00fcr Staunen\" src=\"https:\/\/www.europesays.com\/de\/wp-content\/uploads\/2025\/07\/37izjjsst56v9ctin0do5awbvuutmgnm.jpg\"\/><\/a><\/p>\n<p>            Hunde<br \/>\n                            <a class=\"inread-article__headline\" data-aid=\"3403347\" data-atype=\"news\" data-aplacement=\"inread-article\" data-aplacementid=\"3403060\" href=\"https:\/\/www.tag24.de\/thema\/tiere\/hunde\/hund-bricht-sich-das-bein-was-katze-dann-tut-sorgt-bei-besitzern-fuer-staunen-3403347\" rel=\"nofollow noopener\" target=\"_blank\">Hund bricht sich das Bein: Was Katze dann tut, sorgt bei Besitzern f\u00fcr Staunen<\/a><\/p>\n<p>                             <a data-aid=\"3403280\" data-atype=\"news\" data-aplacement=\"inread-article\" data-aplacementid=\"3403060\" href=\"https:\/\/www.tag24.de\/thema\/tiere\/hunde\/herrenlose-huendin-irrt-durch-leipzigs-strassen-wo-sind-die-besitzer-3403280\" rel=\"nofollow noopener\" target=\"_blank\"><img loading=\"lazy\" decoding=\"async\" width=\"85\" height=\"57\" alt=\"Herrenlose H\u00fcndin irrt durch Leipzigs Stra\u00dfen: Wo sind die Besitzer?\" src=\"https:\/\/www.europesays.com\/de\/wp-content\/uploads\/2025\/07\/ar9nfgmrgrdd02m6mrzxpuqmfhz4minw.jpg\"\/><\/a><\/p>\n<p>            Hunde<br \/>\n                            <a class=\"inread-article__headline\" data-aid=\"3403280\" data-atype=\"news\" data-aplacement=\"inread-article\" data-aplacementid=\"3403060\" href=\"https:\/\/www.tag24.de\/thema\/tiere\/hunde\/herrenlose-huendin-irrt-durch-leipzigs-strassen-wo-sind-die-besitzer-3403280\" rel=\"nofollow noopener\" target=\"_blank\">Herrenlose H\u00fcndin irrt durch Leipzigs Stra\u00dfen: Wo sind die Besitzer?<\/a><\/p>\n<p>Das hei\u00dft, dass das Deckhaar unter anderem vor Hautverletzungen und Sonneneinstrahlung sch\u00fctzt, w\u00e4hrend die sogenannte Unterwolle isoliert. Sie w\u00e4rmt den <a href=\"https:\/\/www.tag24.de\/thema\/tiere\/hunde\" rel=\"nofollow noopener\" target=\"_blank\">Hund<\/a> also bei K\u00e4lte oder sch\u00fctzt im anderen Fall vor Hitze und Feuchtigkeit.<\/p>\n<p>Der American Kennel Club warnt, dass das Scheren eines Hundes mit doppeltem Haarkleid langfristige Sch\u00e4den verursachen kann, weil die Unterwolle schneller nachw\u00e4chst.<\/p>\n<p><b>Wer das wei\u00df, kann Sarahs Entsetzen besser nachvollziehen. Es wurde \u00fcbrigens nicht besser, als ihre Schwiegermutter ihr den Grund daf\u00fcr erl\u00e4uterte.<\/b><\/p>\n<p>    Virales TikTok-Video zeigt Vorher-Nachher-Vergleich von Bear<\/p>\n<p>            <img decoding=\"async\" class=\"article__img\" alt=\"Frisch geschoren schaut Bear in die Kamera. Frauchen Sarah (28) kann nur noch entsetzt die Augen verschlie\u00dfen.\" width=\"951\" height=\"634\" loading=\"lazy\" src=\"https:\/\/www.europesays.com\/de\/wp-content\/uploads\/2025\/07\/vboal8xz2bhlagcdihomrh0lgllejzh1.jpg\"  \/><\/p>\n<p>            Frisch geschoren schaut Bear in die Kamera. Frauchen Sarah (28) kann nur noch entsetzt die Augen verschlie\u00dfen.\u00a0\u00a0\u00a9\u00a0Bildmontage: TikTok\/Screenshots\/buppo.and.bear<\/p>\n<p class=\"\">Sie habe Bear aus hygienischen Gr\u00fcnden das Hinterteil rasiert. Leider sei es danach ungleichm\u00e4\u00dfig gewesen. Deshalb habe sie schlie\u00dflich Bears gesamten K\u00f6rper geschert, habe ihre Schwiegermutter erkl\u00e4rt, sagte Sarah dem US-Magazin. <\/p>\n<p class=\"\">&#8222;Ich h\u00e4tte niemals die Entscheidung getroffen oder die Erlaubnis gegeben, Bear&#8217;s Fell zu rasieren, also tat es wirklich weh, dass mir diese Entscheidung abgenommen wurde&#8220;, sagte die 28-J\u00e4hrige.<\/p>\n<p class=\"\">In einem Video machte sie Ende Juni auf <a href=\"https:\/\/www.tag24.de\/thema\/internet\/soziale-medien\/tiktok\" rel=\"nofollow noopener\" target=\"_blank\">TikTok<\/a> ihrem \u00c4rger Luft. Darin lieferte die Hundebesitzerin auch einen Vorher-Nachher-Vergleich von Bear.<\/p>\n<p>                             <a data-aid=\"3403388\" data-atype=\"news\" data-aplacement=\"inread-article\" data-aplacementid=\"3403060\" href=\"https:\/\/www.tag24.de\/thema\/tiere\/hunde\/hund-sitzt-nach-adoptions-events-immer-wieder-alleine-da-grund-bricht-pflegern-das-herz-3403388\" rel=\"nofollow noopener\" target=\"_blank\"><img loading=\"lazy\" decoding=\"async\" width=\"85\" height=\"57\" alt=\"Hund sitzt nach Adoptions-Events immer wieder alleine da: Grund bricht Pflegern das Herz\" src=\"https:\/\/www.europesays.com\/de\/wp-content\/uploads\/2025\/07\/cgtomaaenzvdgkhwm7e71w4nzmfkyvxu.jpg\"\/><\/a><\/p>\n<p>            Hunde<br \/>\n                            <a class=\"inread-article__headline\" data-aid=\"3403388\" data-atype=\"news\" data-aplacement=\"inread-article\" data-aplacementid=\"3403060\" href=\"https:\/\/www.tag24.de\/thema\/tiere\/hunde\/hund-sitzt-nach-adoptions-events-immer-wieder-alleine-da-grund-bricht-pflegern-das-herz-3403388\" rel=\"nofollow noopener\" target=\"_blank\">Hund sitzt nach Adoptions-Events immer wieder alleine da: Grund bricht Pflegern das Herz<\/a><\/p>\n<p>                             <a data-aid=\"3403220\" data-atype=\"news\" data-aplacement=\"inread-article\" data-aplacementid=\"3403060\" href=\"https:\/\/www.tag24.de\/thema\/tiere\/hunde\/rocco-hat-furchtbares-erlebt-wer-erfuellt-dem-hund-seinen-letzten-wunsch-3403220\" rel=\"nofollow noopener\" target=\"_blank\"><img loading=\"lazy\" decoding=\"async\" width=\"85\" height=\"57\" alt=\"Rocco hat Furchtbares erlebt: Wer erf\u00fcllt dem Hund seinen letzten Wunsch?\" src=\"https:\/\/www.europesays.com\/de\/wp-content\/uploads\/2025\/07\/j638vsxlykvi9yultz488ujiy7f96lo8.jpg\"\/><\/a><\/p>\n<p>            Hunde<br \/>\n                            <a class=\"inread-article__headline\" data-aid=\"3403220\" data-atype=\"news\" data-aplacement=\"inread-article\" data-aplacementid=\"3403060\" href=\"https:\/\/www.tag24.de\/thema\/tiere\/hunde\/rocco-hat-furchtbares-erlebt-wer-erfuellt-dem-hund-seinen-letzten-wunsch-3403220\" rel=\"nofollow noopener\" target=\"_blank\">Rocco hat Furchtbares erlebt: Wer erf\u00fcllt dem Hund seinen letzten Wunsch?<\/a><\/p>\n<p class=\"\">Am Ende konnte sie sich mit 2,6 Millionen Klicks, gut 200.000 Likes und viel Verst\u00e4ndnis der User tr\u00f6sten. <\/p>\n<p class=\"\"><b>Ansonsten versucht Sarah jetzt Bears Fell beim Wachsen so gut wie m\u00f6glich zu pflegen, damit er ohne Probleme davonkommt. <\/b><\/p>\n","protected":false},"excerpt":{"rendered":"14.07.2025\u00a008:27 \u00a0155.689 Frau l\u00e4sst Schwiegermutter auf Hund aufpassen: Als sie ihn wiedersieht, trifft sie der Schlag Als die&hellip;\n","protected":false},"author":2,"featured_media":266963,"comment_status":"","ping_status":"","sticky":false,"template":"","format":"standard","meta":{"footnotes":""},"categories":[3],"tags":[13,14,15,12,10,8,9,11,103,104],"class_list":{"0":"post-266962","1":"post","2":"type-post","3":"status-publish","4":"format-standard","5":"has-post-thumbnail","7":"category-welt","8":"tag-headlines","9":"tag-nachrichten","10":"tag-news","11":"tag-schlagzeilen","12":"tag-top-news","13":"tag-top-meldungen","14":"tag-topmeldungen","15":"tag-topnews","16":"tag-welt","17":"tag-world"},"share_on_mastodon":{"url":"https:\/\/pubeurope.com\/@de\/114850451245641615","error":""},"_links":{"self":[{"href":"https:\/\/www.europesays.com\/de\/wp-json\/wp\/v2\/posts\/266962","targetHints":{"allow":["GET"]}}],"collection":[{"href":"https:\/\/www.europesays.com\/de\/wp-json\/wp\/v2\/posts"}],"about":[{"href":"https:\/\/www.europesays.com\/de\/wp-json\/wp\/v2\/types\/post"}],"author":[{"embeddable":true,"href":"https:\/\/www.europesays.com\/de\/wp-json\/wp\/v2\/users\/2"}],"replies":[{"embeddable":true,"href":"https:\/\/www.europesays.com\/de\/wp-json\/wp\/v2\/comments?post=266962"}],"version-history":[{"count":0,"href":"https:\/\/www.europesays.com\/de\/wp-json\/wp\/v2\/posts\/266962\/revisions"}],"wp:featuredmedia":[{"embeddable":true,"href":"https:\/\/www.europesays.com\/de\/wp-json\/wp\/v2\/media\/266963"}],"wp:attachment":[{"href":"https:\/\/www.europesays.com\/de\/wp-json\/wp\/v2\/media?parent=266962"}],"wp:term":[{"taxonomy":"category","embeddable":true,"href":"https:\/\/www.europesays.com\/de\/wp-json\/wp\/v2\/categories?post=266962"},{"taxonomy":"post_tag","embeddable":true,"href":"https:\/\/www.europesays.com\/de\/wp-json\/wp\/v2\/tags?post=266962"}],"curies":[{"name":"wp","href":"https:\/\/api.w.org\/{rel}","templated":true}]}}