{"id":267047,"date":"2025-07-14T08:27:19","date_gmt":"2025-07-14T08:27:19","guid":{"rendered":"https:\/\/www.europesays.com\/de\/267047\/"},"modified":"2025-07-14T08:27:19","modified_gmt":"2025-07-14T08:27:19","slug":"pol-do-22-jaehriger-nach-beleidigung-wiedererkannt-festnahme-nach-widerstand","status":"publish","type":"post","link":"https:\/\/www.europesays.com\/de\/267047\/","title":{"rendered":"POL-DO: 22-J\u00e4hriger nach Beleidigung wiedererkannt &#8211; Festnahme nach Widerstand"},"content":{"rendered":"<p class=\"date\">14.07.2025 \u2013 09:57<\/p>\n<p class=\"customer\">\n                        <a class=\"story-customer\" title=\"weiter zum newsroom von Polizei Dortmund\" href=\"https:\/\/www.presseportal.de\/blaulicht\/nr\/4971\" rel=\"nofollow noopener\" target=\"_blank\">Polizei Dortmund<\/a>\n                    <\/p>\n<p><a data-category=\"citylink-story-view\" data-action=\"click\" data-label=\"Citylink in Meldungsansicht\" class=\"story-city event-trigger\" href=\"https:\/\/www.presseportal.de\/regional\/Dortmund\" title=\"News aus Dortmund \" rel=\"nofollow noopener\" target=\"_blank\">Dortmund<\/a> (ots)<\/p>\n<p>Lfd. Nr.: 0603<\/p>\n<p>Bereits am vergangenen Mittwoch (9.7.) ist es in Dortmund-H\u00f6rde seitens eines jungen Mannes zu mehreren Beleidigungen gegen\u00fcber drei Frauen gekommen. Nur zwei Tage sp\u00e4ter erkannten sie den zun\u00e4chst Unbekannten wieder und alarmierten die Polizei. Nach erheblichen Widerstandshandlungen nahmen die eingesetzten Polizisten den Mann schlie\u00dflich fest.<\/p>\n<p>Am 9. Juli hielten sich die drei Dortmunderinnen (18, 20 und 55 Jahre alt) gegen 21:30 Uhr im Bereich der Alfred-Trappen-Stra\u00dfe in Dortmund-H\u00f6rde auf, als ein ihnen unbekannter Mann sie unvermittelt in sexueller und volksverhetzender Art und Weise beleidigte. Erst als sich eine unbeteiligte Zeugin einschaltete, lie\u00df der aggressive Mann von den Frauen ab und fl\u00fcchtete.<\/p>\n<p>Nur zwei Tage sp\u00e4ter erkannte die 18-J\u00e4hrige den Tatverd\u00e4chtigen am Freitagnachmittag (11. Juli) im Bereich der Schlanken Mathilde in Dortmund-H\u00f6rde wieder und alarmierte um kurz vor 15 Uhr die Polizei.<\/p>\n<p>Als die eingesetzten Beamten den jungen Mann daraufhin kontrollieren wollten, zeigte dieser sich mit der Ma\u00dfnahme jedoch nicht einverstanden, warf eine in der Hand gehaltene Getr\u00e4nkedose auf einen Polizisten und fl\u00fcchtete. Nach kurzer Verfolgung stellten die Einsatzkr\u00e4fte den 22-j\u00e4hrigen Mann ohne festen Wohnsitz im Bereich der Wiggerstra\u00dfe\/Wenzelstra\u00dfe und nahmen ihn fest. Bei seiner Festnahme leistete er erheblichen Widerstand, trat und schlug dabei mehrfach in Richtung der festnehmenden Beamten.<\/p>\n<p>Die Polizisten brachten den 22-J\u00e4hrigen in das Zentrale Polizeigewahrsam. Die besonderen Voraussetzungen f\u00fcr eine Untersuchungshaft lagen nicht vor.<\/p>\n<p>Durch den Getr\u00e4nkedosenwurf ist ein Polizeibeamter leicht verletzt worden.<\/p>\n<p>Die Polizei leitete mehrere Strafverfahren gegen den Mann ein und ermittelt nun unter anderem wegen gef\u00e4hrlicher K\u00f6rperverletzung, Widerstand gegen Vollstreckungsbeamte sowie Beleidigung.<br \/>\nDar\u00fcber hinaus hatte der Mann eine Plastikt\u00fcte mit einer gr\u00f6\u00dferen Menge Cannabis dabei. Ein entsprechendes Strafverfahren leiteten die Beamten auch hier ein.<\/p>\n<p class=\"contact-headline\">Journalisten wenden sich mit R\u00fcckfragen bitte an:<\/p>\n<p class=\"contact-text\">Polizei Dortmund<br \/>Joshua Pollmeier<br \/>Tel.: 0231\/132-1025<br \/>E-Mail: <a href=\"https:\/\/www.presseportal.de\/blaulicht\/pm\/4971\/mailto: poea.dortmund@polizei.nrw.de\" class=\"uri-mailto\" rel=\"nofollow noopener\" target=\"_blank\"> poea.dortmund@polizei.nrw.de<\/a><br \/><a target=\"_blank\" class=\"uri-ext outbound\" rel=\"noopener nofollow\" href=\"https:\/\/dortmund.polizei.nrw\/\">https:\/\/dortmund.polizei.nrw\/<\/a><\/p>\n<p class=\"originator\">Original-Content von: Polizei Dortmund, \u00fcbermittelt durch news aktuell<\/p>\n","protected":false},"excerpt":{"rendered":"14.07.2025 \u2013 09:57 Polizei Dortmund Dortmund (ots) Lfd. Nr.: 0603 Bereits am vergangenen Mittwoch (9.7.) ist es in&hellip;\n","protected":false},"author":2,"featured_media":108,"comment_status":"","ping_status":"","sticky":false,"template":"","format":"standard","meta":{"footnotes":""},"categories":[1833],"tags":[3364,29,217,30,177,1209,176,121,178,180,179,181],"class_list":{"0":"post-267047","1":"post","2":"type-post","3":"status-publish","4":"format-standard","5":"has-post-thumbnail","7":"category-dortmund","8":"tag-de","9":"tag-deutschland","10":"tag-dortmund","11":"tag-germany","12":"tag-kriminalitt","13":"tag-nordrhein-westfalen","14":"tag-nrw","15":"tag-polizei","16":"tag-presse","17":"tag-pressemeldung","18":"tag-pressemitteilung","19":"tag-pressemitteilungen"},"share_on_mastodon":{"url":"https:\/\/pubeurope.com\/@de\/114850643553659036","error":""},"_links":{"self":[{"href":"https:\/\/www.europesays.com\/de\/wp-json\/wp\/v2\/posts\/267047","targetHints":{"allow":["GET"]}}],"collection":[{"href":"https:\/\/www.europesays.com\/de\/wp-json\/wp\/v2\/posts"}],"about":[{"href":"https:\/\/www.europesays.com\/de\/wp-json\/wp\/v2\/types\/post"}],"author":[{"embeddable":true,"href":"https:\/\/www.europesays.com\/de\/wp-json\/wp\/v2\/users\/2"}],"replies":[{"embeddable":true,"href":"https:\/\/www.europesays.com\/de\/wp-json\/wp\/v2\/comments?post=267047"}],"version-history":[{"count":0,"href":"https:\/\/www.europesays.com\/de\/wp-json\/wp\/v2\/posts\/267047\/revisions"}],"wp:featuredmedia":[{"embeddable":true,"href":"https:\/\/www.europesays.com\/de\/wp-json\/wp\/v2\/media\/108"}],"wp:attachment":[{"href":"https:\/\/www.europesays.com\/de\/wp-json\/wp\/v2\/media?parent=267047"}],"wp:term":[{"taxonomy":"category","embeddable":true,"href":"https:\/\/www.europesays.com\/de\/wp-json\/wp\/v2\/categories?post=267047"},{"taxonomy":"post_tag","embeddable":true,"href":"https:\/\/www.europesays.com\/de\/wp-json\/wp\/v2\/tags?post=267047"}],"curies":[{"name":"wp","href":"https:\/\/api.w.org\/{rel}","templated":true}]}}