{"id":267087,"date":"2025-07-14T08:50:12","date_gmt":"2025-07-14T08:50:12","guid":{"rendered":"https:\/\/www.europesays.com\/de\/267087\/"},"modified":"2025-07-14T08:50:12","modified_gmt":"2025-07-14T08:50:12","slug":"kaeferinvasion-bedroht-jahrhundertealter-buecher-in-ungarn","status":"publish","type":"post","link":"https:\/\/www.europesays.com\/de\/267087\/","title":{"rendered":"K\u00e4ferinvasion bedroht jahrhundertealter B\u00fccher in Ungarn"},"content":{"rendered":"<p>                    <img decoding=\"async\" loading=\"lazy\" class=\"internal-image\" title=\"Klosterbibliothek in Pannonhalma (Ungarn), Benediktinerabtei St. Martin. \" alt=\"Klosterbibliothek in Pannonhalma (Ungarn), Benediktinerabtei St. Martin. \" src=\"https:\/\/www.europesays.com\/de\/wp-content\/uploads\/2025\/07\/benediktinerabtei-pannonhalma-100-1920x1080.jpg\" \/><\/p>\n<p>                  In der Klosterbibliothek der Benediktinerabtei St. Martin in Pannonhalma (Ungarn) bedroht eine K\u00e4ferinvasion die jahrhundertealten B\u00fccher. (picture-alliance \/ akg-images \/ Hilbich \/ \/ Hilbich)<\/p>\n<p>Die B\u00fccher sollen in hermetisch versiegelte Kisten eingepackt werden, aus denen der Sauerstoff entfernt wird. Das soll die K\u00e4fer t\u00f6ten, die sich bereits durch Buchr\u00fccken und Seiten von B\u00fcchern gefressen haben &#8211; offenbar wegen des Gelatine- und St\u00e4rkeklebers, der zum B\u00fccherbinden verwendet wird. Die K\u00e4ferinvasion wurde bei einer routinem\u00e4\u00dfigen Reinigung der Bibliothek entdeckt.<\/p>\n<p>&#8222;Wir haben noch nie ein derartiges Ausma\u00df von Befall erlebt&#8220;, sagt die leitende Restauratorin Zsofia Edit Hajdu. Die Restauratoren gehen davon aus, dass es wegen der Erderw\u00e4rmung immer mehr Insektenplagen geben wird. Das Benediktinerkloster aus dem Jahr 996 z\u00e4hlt zu den ber\u00fchmtesten religi\u00f6sen und kulturellen St\u00e4tten Ungarns und geh\u00f6rt zum UNESCO-Weltkulturerbe. Die Abtei verwahrt 400.000 B\u00fccher von hohem geschichtlichen und kulturellen Wert.<\/p>\n<p>Diese Nachricht wurde am 14.07.2025 im Programm Deutschlandfunk gesendet.<\/p>\n","protected":false},"excerpt":{"rendered":"In der Klosterbibliothek der Benediktinerabtei St. Martin in Pannonhalma (Ungarn) bedroht eine K\u00e4ferinvasion die jahrhundertealten B\u00fccher. (picture-alliance \/&hellip;\n","protected":false},"author":2,"featured_media":267088,"comment_status":"","ping_status":"","sticky":false,"template":"","format":"standard","meta":{"footnotes":""},"categories":[1774],"tags":[1784,1785,29,214,30,215],"class_list":{"0":"post-267087","1":"post","2":"type-post","3":"status-publish","4":"format-standard","5":"has-post-thumbnail","7":"category-buecher","8":"tag-books","9":"tag-buecher","10":"tag-deutschland","11":"tag-entertainment","12":"tag-germany","13":"tag-unterhaltung"},"share_on_mastodon":{"url":"https:\/\/pubeurope.com\/@de\/114850734083863512","error":""},"_links":{"self":[{"href":"https:\/\/www.europesays.com\/de\/wp-json\/wp\/v2\/posts\/267087","targetHints":{"allow":["GET"]}}],"collection":[{"href":"https:\/\/www.europesays.com\/de\/wp-json\/wp\/v2\/posts"}],"about":[{"href":"https:\/\/www.europesays.com\/de\/wp-json\/wp\/v2\/types\/post"}],"author":[{"embeddable":true,"href":"https:\/\/www.europesays.com\/de\/wp-json\/wp\/v2\/users\/2"}],"replies":[{"embeddable":true,"href":"https:\/\/www.europesays.com\/de\/wp-json\/wp\/v2\/comments?post=267087"}],"version-history":[{"count":0,"href":"https:\/\/www.europesays.com\/de\/wp-json\/wp\/v2\/posts\/267087\/revisions"}],"wp:featuredmedia":[{"embeddable":true,"href":"https:\/\/www.europesays.com\/de\/wp-json\/wp\/v2\/media\/267088"}],"wp:attachment":[{"href":"https:\/\/www.europesays.com\/de\/wp-json\/wp\/v2\/media?parent=267087"}],"wp:term":[{"taxonomy":"category","embeddable":true,"href":"https:\/\/www.europesays.com\/de\/wp-json\/wp\/v2\/categories?post=267087"},{"taxonomy":"post_tag","embeddable":true,"href":"https:\/\/www.europesays.com\/de\/wp-json\/wp\/v2\/tags?post=267087"}],"curies":[{"name":"wp","href":"https:\/\/api.w.org\/{rel}","templated":true}]}}