{"id":267305,"date":"2025-07-14T10:53:10","date_gmt":"2025-07-14T10:53:10","guid":{"rendered":"https:\/\/www.europesays.com\/de\/267305\/"},"modified":"2025-07-14T10:53:10","modified_gmt":"2025-07-14T10:53:10","slug":"ehud-olmert-ehemaliger-israelischer-premier-wirft-israel-kriegsverbrechen-vor","status":"publish","type":"post","link":"https:\/\/www.europesays.com\/de\/267305\/","title":{"rendered":"Ehud Olmert: Ehemaliger israelischer Premier wirft Israel Kriegsverbrechen vor"},"content":{"rendered":"<p class=\"paragraph article__item\"><a href=\"https:\/\/www.zeit.de\/politik\/ausland\/2024-05\/ehud-olmert-israel-gaza-krieg-benjamin-netanjahu\" class=\"\" target=\"_blank\" rel=\"noopener\">Israels ehemaliger Ministerpr\u00e4sident Ehud Olmert<\/a> hat sich mit deutlicher Kritik gegen die derzeitige Regierung seines Landes gestellt. Nachdem <a class=\"rtr-entity\" href=\"https:\/\/www.zeit.de\/thema\/israel\" target=\"_blank\" rel=\"noopener\">Israel<\/a> im Fr\u00fchjahr die Verhandlungen \u00fcber ein dauerhaftes Ende des Krieges im Gazastreifen beendet hatte und die Kampfhandlungen wieder aufgenommen hat, sei er zu dem Schluss gekommen, dass sein Land Kriegsverbrechen begehe, sagte Olmert der britischen Zeitung The Guardian. Zuvor hatte er das Vorgehen Israels gegen die Hamas im Anschluss an die Angriffe der islamistischen Terrororganisation am 7. Oktober 2023 noch unterst\u00fctzt.\n<\/p>\n<p class=\"paragraph article__item\">Er sei &#8222;besch\u00e4mt und untr\u00f6stlich&#8220; dar\u00fcber, dass aus einem Selbstverteidigungskrieg etwas anderes geworden sei, sagte Olmert. Deshalb habe er beschlossen, sich \u00f6ffentlich zu \u00e4u\u00dfern. Er wolle zeigen, dass es verschiedene und von der Regierung abweichende Meinungen in Israel gebe.\n<\/p>\n<p>        T\u00f6dliche Gewalt israelischer Siedler sei &#8222;unverzeihlich&#8220;        <\/p>\n<p class=\"paragraph article__item\">Zwar glaube er weder an eine organisierte Kampagne, um <a class=\"rtr-entity\" href=\"https:\/\/www.zeit.de\/thema\/kriegsverbrechen\" target=\"_blank\" rel=\"noopener\">Kriegsverbrechen<\/a> zu begehen, noch daran, dass es jemals entsprechende Befehle gegeben habe. Allerdings habe es die Bereitschaft gegeben, ein gro\u00dfes Ma\u00df an Tod und Zerst\u00f6rung zu tolerieren und wegzuschauen, als Dinge passiert seien, die &#8222;die T\u00f6tung einer gro\u00dfen Zahl unbeteiligter Menschen&#8220; zur Folge gehabt h\u00e4tten. Daher sei die Regierung f\u00fcr begangene Kriegsverbrechen verantwortlich.\n<\/p>\n<p class=\"paragraph article__item\">Auch <a href=\"https:\/\/www.zeit.de\/politik\/ausland\/2025-06\/westjordanland-siedler-angriffe\" class=\"\" target=\"_blank\" rel=\"noopener\">die Gewalt extremistischer Siedler im Westjordanland<\/a>, durch die wiederholt Pal\u00e4stinenser get\u00f6tet wurden,\u00a0stellt Olmert zufolge ein Kriegsverbrechen dar. Die Angriffe seien unverzeihlich und inakzeptabel. Er sprach von &#8222;kontinuierlichen Operationen, die von einer gro\u00dfen Gruppe auf brutalste und kriminelle Weise organisiert und durchgef\u00fchrt werden&#8220;. Ein solches Vorgehen sei &#8222;ohne die Unterst\u00fctzung und den Schutz&#8220; israelischer Beh\u00f6rden im besetzten Westjordanland nicht m\u00f6glich.\n<\/p>\n<p>        Olmert spricht von &#8222;Konzentrationslager&#8220;        <\/p>\n<p class=\"paragraph article__item\">Besonders kritisch \u00e4u\u00dferte sich Olmert im Guardian \u00fcber <a href=\"https:\/\/www.zeit.de\/kultur\/2025-07\/geplantes-lager-palaestinenser-israel-gazastreifen-600000-nahost\" class=\"\" target=\"_blank\" rel=\"noopener\">das von Israel geplante Lager f\u00fcr Hunderttausende Pal\u00e4stinenser im Gazastreifen, das Israels Regierung als &#8222;humanit\u00e4re Stadt&#8220; bezeichnet<\/a>. Sollten Menschen in das Lager verbracht werden, so handele es sich hierbei um einen Teil von ethnischer S\u00e4uberung.\n<\/p>\n<p>                            \u00a9\u00a0Lea Dohle<\/p>\n<p>\n                                        Newsletter<br \/>\n                                        Was jetzt? \u2013 Der t\u00e4gliche Morgen\u00fcberblick<\/p>\n<p class=\"newsletter-signup__text\">Starten Sie mit unserem kurzen Nachrichten-Newsletter in den Tag. Erhalten Sie zudem freitags den US-Sonderletter &#8222;Was jetzt, America?&#8220; sowie das digitale Magazin ZEIT am Wochenende.<\/p>\n<p class=\"newsletter-signup__datapolicy\" hidden=\"\">\n            Mit Ihrer Registrierung nehmen Sie die <a href=\"https:\/\/datenschutz.zeit.de\/zon#Newsletter\" target=\"_blank\" rel=\"noopener\">Datenschutzerkl\u00e4rung<\/a> zur Kenntnis.\n        <\/p>\n<p>    Vielen Dank! Wir haben Ihnen eine E-Mail geschickt.<\/p>\n<p>Pr\u00fcfen Sie Ihr Postfach und best\u00e4tigen Sie das Newsletter-Abonnement.<\/p>\n<p class=\"paragraph article__item\">Das bisherige Vorgehen des Milit\u00e4rs beinhalte keine ethnischen S\u00e4uberungen, da die Evakuierung von Kampfgebieten unter internationalem Recht legal sei und Pal\u00e4stinenser im Anschluss h\u00e4tten zur\u00fcckkehren k\u00f6nnen.\u00a0Anders sei das mit der &#8222;humanit\u00e4ren Stadt&#8220;. Verlautbarungen der Regierung, wonach diese zum Schutz der Pal\u00e4stinenser erbaut werde, seien nicht glaubw\u00fcrdig. Vielmehr werde das Lager errichtet, um Pal\u00e4stinenser zu &#8222;deportieren&#8220; und zu vertreiben.\n<\/p>\n<p class=\"paragraph article__item\">Dabei nutzte Olmert auch den Begriff Konzentrationslager. &#8222;Es ist ein Konzentrationslager, tut mir leid&#8220;, sagte der ehemalige Premierminister. Da der Begriff historisch oft mit den Konzentrations- und Vernichtungslagern der Nationalsozialisten in Verbindung gebracht wird und somit eine Relativierung der Schoah darstellen k\u00f6nnte, gilt seine Nutzung in vielen Kontexten als umstritten.\n<\/p>\n<p>        Ministerpr\u00e4sident bis Ende M\u00e4rz 2009        <\/p>\n<p class=\"paragraph article__item\">Extremistische Kabinettsmitglieder in der Regierung von Benjamin Netanjahu bezeichnete Olmert als eine gr\u00f6\u00dfere Bedrohung f\u00fcr die langfristige Sicherheit Israels als \u00e4u\u00dfere Feinde. &#8222;Diese Leute sind der Feind im Inneren&#8220;, sagte er. Nicht alle Menschen, die Hass auf Israel zum Ausdruck br\u00e4chten, seien zudem Antisemiten.\n<\/p>\n<p class=\"paragraph article__item\">Olmert war Anfang 2006 nach einem Schlaganfall seines Vorg\u00e4ngers Ariel Scharon Ministerpr\u00e4sident Israels geworden. Im Herbst 2008 erkl\u00e4rte er seinen R\u00fccktritt, hatte das Amt im Anschluss jedoch noch bis zum 31. M\u00e4rz 2009 inne. Sein Nachfolger wurde Netanjahu. Olmert gilt als Bef\u00fcrworter einer Zweistaatenl\u00f6sung.\n<\/p>\n<p class=\"paragraph article__item\">Lesen Sie <a href=\"https:\/\/www.zeit.de\/politik\/ausland\/2024-05\/ehud-olmert-israel-gaza-krieg-benjamin-netanjahu\" class=\"\" target=\"_blank\" rel=\"noopener\">hier ein ZEIT-Interview mit Ehud Olmert aus dem vergangenen Jahr<\/a>.\n<\/p>\n<p>Mehr zum Thema<\/p>\n<p>                <a href=\"https:\/\/www.zeit.de\/2025\/29\/debatte-nahostkonflikt-israel-gazastreifen-humanitaere-lage\" data-ct-label=\"Debatte zum Nahostkonflikt \u2022 Z+ Empfehlung: Wer in der Mitte steht, macht sich verd\u00e4chtig\" target=\"_blank\" rel=\"noopener\"><\/p>\n<p>        Z+ (abopflichtiger Inhalt);<\/p>\n<p>    Debatte zum Nahostkonflikt \u2022 Z+ Empfehlung:<br \/>\n                        Wer in der Mitte steht, macht sich verd\u00e4chtig<\/p>\n<p>                <\/a><\/p>\n<p>                <a href=\"https:\/\/www.zeit.de\/politik\/ausland\/2025-07\/gaza-abkommen-israel-besetzung-gazastreifen\" data-ct-label=\"Gazaabkommen: Wie viel von Gaza wird Israel besetzt halten? \" target=\"_blank\" rel=\"noopener\"><\/p>\n<p>        Z+ (abopflichtiger Inhalt);<\/p>\n<p>    Gazaabkommen:<br \/>\n                        Wie viel von Gaza wird Israel besetzt halten? <\/p>\n<p>                <\/a><\/p>\n<p>                <a href=\"https:\/\/www.zeit.de\/kultur\/2025-07\/geplantes-lager-palaestinenser-israel-gazastreifen-600000-nahost\" data-ct-label=\"Geplantes Lager f\u00fcr Pal\u00e4stinenser: Ein verst\u00f6render Plan\" target=\"_blank\" rel=\"noopener\"><\/p>\n<p>        Z+ (abopflichtiger Inhalt);<\/p>\n<p>    Geplantes Lager f\u00fcr Pal\u00e4stinenser:<br \/>\n                        Ein verst\u00f6render Plan<\/p>\n<p>                <\/a><\/p>\n","protected":false},"excerpt":{"rendered":"Israels ehemaliger Ministerpr\u00e4sident Ehud Olmert hat sich mit deutlicher Kritik gegen die derzeitige Regierung seines Landes gestellt. Nachdem&hellip;\n","protected":false},"author":2,"featured_media":267306,"comment_status":"","ping_status":"","sticky":false,"template":"","format":"standard","meta":{"footnotes":""},"categories":[5],"tags":[331,332,3364,29,80491,738,30,410,13,411,7226,14,6000,15,16,12],"class_list":{"0":"post-267305","1":"post","2":"type-post","3":"status-publish","4":"format-standard","5":"has-post-thumbnail","7":"category-nachrichten","8":"tag-aktuelle-nachrichten","9":"tag-aktuelle-news","10":"tag-de","11":"tag-deutschland","12":"tag-ehud-olmert","13":"tag-gazastreifen","14":"tag-germany","15":"tag-hamas","16":"tag-headlines","17":"tag-israel","18":"tag-kriegsverbrechen","19":"tag-nachrichten","20":"tag-nahost","21":"tag-news","22":"tag-politik","23":"tag-schlagzeilen"},"share_on_mastodon":{"url":"https:\/\/pubeurope.com\/@de\/114851217816822266","error":""},"_links":{"self":[{"href":"https:\/\/www.europesays.com\/de\/wp-json\/wp\/v2\/posts\/267305","targetHints":{"allow":["GET"]}}],"collection":[{"href":"https:\/\/www.europesays.com\/de\/wp-json\/wp\/v2\/posts"}],"about":[{"href":"https:\/\/www.europesays.com\/de\/wp-json\/wp\/v2\/types\/post"}],"author":[{"embeddable":true,"href":"https:\/\/www.europesays.com\/de\/wp-json\/wp\/v2\/users\/2"}],"replies":[{"embeddable":true,"href":"https:\/\/www.europesays.com\/de\/wp-json\/wp\/v2\/comments?post=267305"}],"version-history":[{"count":0,"href":"https:\/\/www.europesays.com\/de\/wp-json\/wp\/v2\/posts\/267305\/revisions"}],"wp:featuredmedia":[{"embeddable":true,"href":"https:\/\/www.europesays.com\/de\/wp-json\/wp\/v2\/media\/267306"}],"wp:attachment":[{"href":"https:\/\/www.europesays.com\/de\/wp-json\/wp\/v2\/media?parent=267305"}],"wp:term":[{"taxonomy":"category","embeddable":true,"href":"https:\/\/www.europesays.com\/de\/wp-json\/wp\/v2\/categories?post=267305"},{"taxonomy":"post_tag","embeddable":true,"href":"https:\/\/www.europesays.com\/de\/wp-json\/wp\/v2\/tags?post=267305"}],"curies":[{"name":"wp","href":"https:\/\/api.w.org\/{rel}","templated":true}]}}