{"id":267324,"date":"2025-07-14T11:04:13","date_gmt":"2025-07-14T11:04:13","guid":{"rendered":"https:\/\/www.europesays.com\/de\/267324\/"},"modified":"2025-07-14T11:04:13","modified_gmt":"2025-07-14T11:04:13","slug":"mann-bedroht-polizisten-mit-metallschiene","status":"publish","type":"post","link":"https:\/\/www.europesays.com\/de\/267324\/","title":{"rendered":"Mann bedroht Polizisten mit Metallschiene"},"content":{"rendered":"<p>Am Dresdner Flughafen <\/p>\n<p>Aggressiver Mann bedroht Polizisten mit Metallschiene<\/p>\n<p>14.07.2025 &#8211; 12:59 UhrLesedauer: 1 Min.<\/p>\n<p><a href=\"#focus-0\" class=\"transition-colors duration-200 focus-within:text-magenta block text-current relative\" data-sctrack=\"FocusGalleryImage.Reference\"><img fetchpriority=\"high\" data-testid=\"Opener.Image\" style=\"--lqipURL:url('https:\/\/images.t-online.de\/2023\/12\/U-ho7VPFgG7z\/0x444:4000x2250\/fit-in\/150x0\/filters:blur(25)\/der-flughafen-dresden-archivbild-hier-hat-ein-mann-mit-einem-messer-einen-einsatz-der-polizei-ausgeloest.jpg')\"   loading=\"eager\" src=\"https:\/\/www.europesays.com\/de\/wp-content\/uploads\/2025\/07\/der-flughafen-dresden-archivbild-hier-hat-ein-mann-mit-einem-messer-einen-einsatz-der-polizei-ausgel.jpeg\" alt=\"Flughafen Dresden\" title=\"Flughafen Dresden\" width=\"4000\" height=\"2250\" class=\"bg-[url:var(--lqipURL)] bg-cover bg-center flex h-full w-full max-w-full\" decoding=\"async\"\/><img style=\"--width:32;--height:32\" loading=\"lazy\" src=\"https:\/\/www.t-online.de\/s\/paper\/_next\/static\/media\/zoom-in.f7dae02f.svg\" alt=\"Vergr\u00f6\u00dfern des Bildes\" title=\"Vergr\u00f6\u00dfern des Bildes\" class=\"block h-[calc(var(--height)_\/_16_*_1rem)] w-[calc(var(--width)_\/_16_*_1rem)] max-w-none absolute bottom-8 right-8 rounded-4 bg-snow p-8\" decoding=\"async\"\/><\/a><\/p>\n<p>Der Flughafen Dresden (Archivbild): Eine Kontrolle ist dort am Montagmorgen eskaliert. (Quelle: Foto: Sven Ellger via www.imago-images.de)<\/p>\n<p class=\"font-bold text-18 leading-17\">Am Dresdner Flughafen eskaliert eine Kontrolle. Ein Mann zieht pl\u00f6tzlich eine Metallschiene aus seiner Jacke.<\/p>\n<p class=\"text-18 leading-17\">Die Bundespolizei hat am fr\u00fchen Montagmorgen einen 57-J\u00e4hrigen am Dresdner <a class=\"transition-colors duration-200 cursor-pointer text-inherit no-underline text-salemsfur md:hover:text-magenta md:hover:border-magenta md:focus:text-magenta border-current border-b border-solid break-words\" href=\"https:\/\/www.t-online.de\/themen\/flughafen\/\" data-sctrack=\"BodyAnchor\" target=\"_blank\" rel=\"noopener\">Flughafen<\/a> festgenommen. Wie die Beh\u00f6rde mitteilte, habe sich der Mann im Gleisbereich aufgehalten und Widerstand geleistet.<\/p>\n<p class=\"text-18 leading-17\">Gegen 6.10 Uhr informierte man eine Streife der Bundespolizei \u00fcber eine Person an den Bahnanlagen nahe dem Haltepunkt <a class=\"transition-colors duration-200 cursor-pointer text-inherit no-underline text-salemsfur md:hover:text-magenta md:hover:border-magenta md:focus:text-magenta border-current border-b border-solid break-words\" href=\"https:\/\/www.t-online.de\/region\/dresden\/\" data-sctrack=\"BodyAnchor\" target=\"_blank\" rel=\"noopener\">Dresden<\/a> Flughafen. Bei der anschlie\u00dfenden Kontrolle habe sich den Anweisungen der Beamten widersetzt, so die Bundespolizei weiter. Anschlie\u00dfend habe der 57-J\u00e4hrige eine Metallschiene aus seiner Jackentasche gezogen und damit gedroht, die Polizisten zu schlagen.<\/p>\n<p class=\"text-18 leading-17\">Nach intensiven Gespr\u00e4chen sei es den Einsatzkr\u00e4ften gelungen, den Mann zur Aufgabe zu bewegen. Er lie\u00df die Metallschiene fallen und wurde daraufhin in Gewahrsam genommen. Die Bundespolizei ermittelt wegen Widerstands gegen Vollstreckungsbeamte.<\/p>\n","protected":false},"excerpt":{"rendered":"Am Dresdner Flughafen Aggressiver Mann bedroht Polizisten mit Metallschiene 14.07.2025 &#8211; 12:59 UhrLesedauer: 1 Min. Der Flughafen Dresden&hellip;\n","protected":false},"author":2,"featured_media":267325,"comment_status":"","ping_status":"","sticky":false,"template":"","format":"standard","meta":{"footnotes":""},"categories":[1835],"tags":[722,17161,421,3364,29,2386,2109,35993,30,80493,859],"class_list":{"0":"post-267324","1":"post","2":"type-post","3":"status-publish","4":"format-standard","5":"has-post-thumbnail","7":"category-dresden","8":"tag-722","9":"tag-17161","10":"tag-bundespolizei","11":"tag-de","12":"tag-deutschland","13":"tag-dresden","14":"tag-flughafen","15":"tag-flughafen-dresden","16":"tag-germany","17":"tag-metallschiene","18":"tag-sachsen"},"share_on_mastodon":{"url":"https:\/\/pubeurope.com\/@de\/114851261144316254","error":""},"_links":{"self":[{"href":"https:\/\/www.europesays.com\/de\/wp-json\/wp\/v2\/posts\/267324","targetHints":{"allow":["GET"]}}],"collection":[{"href":"https:\/\/www.europesays.com\/de\/wp-json\/wp\/v2\/posts"}],"about":[{"href":"https:\/\/www.europesays.com\/de\/wp-json\/wp\/v2\/types\/post"}],"author":[{"embeddable":true,"href":"https:\/\/www.europesays.com\/de\/wp-json\/wp\/v2\/users\/2"}],"replies":[{"embeddable":true,"href":"https:\/\/www.europesays.com\/de\/wp-json\/wp\/v2\/comments?post=267324"}],"version-history":[{"count":0,"href":"https:\/\/www.europesays.com\/de\/wp-json\/wp\/v2\/posts\/267324\/revisions"}],"wp:featuredmedia":[{"embeddable":true,"href":"https:\/\/www.europesays.com\/de\/wp-json\/wp\/v2\/media\/267325"}],"wp:attachment":[{"href":"https:\/\/www.europesays.com\/de\/wp-json\/wp\/v2\/media?parent=267324"}],"wp:term":[{"taxonomy":"category","embeddable":true,"href":"https:\/\/www.europesays.com\/de\/wp-json\/wp\/v2\/categories?post=267324"},{"taxonomy":"post_tag","embeddable":true,"href":"https:\/\/www.europesays.com\/de\/wp-json\/wp\/v2\/tags?post=267324"}],"curies":[{"name":"wp","href":"https:\/\/api.w.org\/{rel}","templated":true}]}}