{"id":267381,"date":"2025-07-14T11:34:11","date_gmt":"2025-07-14T11:34:11","guid":{"rendered":"https:\/\/www.europesays.com\/de\/267381\/"},"modified":"2025-07-14T11:34:11","modified_gmt":"2025-07-14T11:34:11","slug":"so-zerstoert-man-kreativitaet-tatort-star-rechnet-mit-verantwortlichen-ab","status":"publish","type":"post","link":"https:\/\/www.europesays.com\/de\/267381\/","title":{"rendered":"&#8222;So zerst\u00f6rt man Kreativit\u00e4t&#8220;: &#8222;Tatort&#8220;-Star rechnet mit Verantwortlichen ab"},"content":{"rendered":"<p>                    &#8222;So zerst\u00f6rt man Kreativit\u00e4t&#8220;<br \/>\n                &#8222;Tatort&#8220;-Star rechnet mit Verantwortlichen ab<\/p>\n<p>\t\t\t\t              14.07.2025, 13:03 Uhr<\/p>\n<p>\t\t\t\t\t       Artikel anh\u00f6ren<\/p>\n<p>\t\t\t\t\t\t\tDiese Audioversion wurde k\u00fcnstlich generiert. <a href=\"https:\/\/www.n-tv.de\/23249898\" rel=\"nofollow noopener\" target=\"_blank\">Mehr Infos<\/a><\/p>\n<p><strong>Neun Jahre und 19 F\u00e4lle lang ermitteln Wolfram Koch und Margarita Broich als Paul Brix und Anna Janneke f\u00fcr den &#8222;Tatort&#8220; in Frankfurt am Main. Doch vor knapp einem Jahr ist f\u00fcr die beiden Schluss. Nicht ganz freiwillig, wie Koch nun offenbart.<\/strong><\/p>\n<p>Beim ARD-Krimi-Flaggschiff &#8222;Tatort&#8220; scheint sich das Personalkarussell in j\u00fcngster Zeit immer schneller zu drehen. Zu denen, die dabei von Bord gepurzelt sind, z\u00e4hlen auch Wolfram Koch und Margarita Broich. In der Folge &#8222;Es gr\u00fcnt so gr\u00fcn, wenn Frankfurts Berge bl\u00fch&#8217;n&#8220; gingen sie im September 2024 ein letztes Mal als Ermittler-Duo Paul Brix und Anna Janneke in Frankfurt am Main auf Verbrecherjagd.<\/p>\n<p>Ihren Einstand hatten die beiden im Mai 2015 mit der Episode &#8222;K\u00e4lter als der Tod&#8220; gefeiert. Insgesamt standen Koch und Broich 19-mal im Auftrag des Hessischen Rundfunks (HR) in ihren &#8222;Tatort&#8220;-Paraderollen vor der Kamera. Dass sie nach nicht einmal zehn Jahren ihren Hut nehmen mussten, beschreibt Koch nun in einem Interview mit der &#8222;Bild&#8220;-Zeitung als bittere Erfahrung.<\/p>\n<p>  <a href=\"https:\/\/www.europesays.com\/de\/wp-content\/uploads\/2025\/07\/535350482.jpg\">     <img decoding=\"async\" alt=\"Aktuell steht Koch bei den Nibelungen-Festspielen auf der B\u00fchne.\" src=\"https:\/\/www.europesays.com\/de\/wp-content\/uploads\/2025\/07\/535350482.jpg\" class=\"lazyload\"\/>  <\/a>  <\/p>\n<p class=\"article__aside__caption\">Aktuell steht Koch bei den Nibelungen-Festspielen auf der B\u00fchne.<\/p>\n<p class=\"article__aside__copy\">(Foto: picture alliance\/dpa)<\/p>\n<p>&#8222;Der letzte Drehtag war schon sehr traurig&#8220;, wird der 63-J\u00e4hrige zitiert. &#8222;Wir hatten hervorragende Kollegen &#8211; von der Requisite bis zur Kamera&#8220;, f\u00fcgt er hinzu und schiebt unumwunden einen Vorwurf an die Verantwortlichen beim HR hinterher: &#8222;Viele arbeiten jetzt woanders oder sind im Haus und stellen nur noch Blumenk\u00fcbel f\u00fcr Talkshows auf. So zerst\u00f6rt man Kreativit\u00e4t durch Sparma\u00dfnahmen.&#8220;<\/p>\n<p>Lob f\u00fcr die Nachfolger<\/p>\n<p>Laut &#8222;Bild&#8220;-Zeitung erwirtschaftete der HR im zur\u00fcckliegenden Haushaltsjahr einen \u00dcberschuss von 39 Millionen Euro. Dennoch sei beim &#8222;Tatort&#8220; gek\u00fcrzt worden. &#8222;Wir h\u00e4tten vielleicht noch etwas weitergemacht, aber es war auch in Ordnung, aufzuh\u00f6ren&#8220;, sagt Koch \u00fcber sein Ausscheiden aus der Krimireihe. Zu den Gr\u00fcnden, weshalb er und Broich letztlich die Segel streichen mussten, erkl\u00e4rt er: &#8222;Der HR wollte neue Wege gehen.&#8220; Und: &#8222;Man wollte junge Leute.&#8220;<\/p>\n<p>Gefunden hat man diese mit Edin Hasanovic und Melika Foroutan. Als neues Ermittler-Duo Hamza Kulina und Maryam Azadi werden sie ihren Fokus k\u00fcnftig auf sogenannte &#8222;Cold Cases&#8220; legen, die in der Vergangenheit ungel\u00f6st blieben. F\u00fcr die beiden ist Koch dann auch &#8211; trotz seines offenbar nicht ganz freiwilligen Abschieds vom &#8222;Tatort&#8220; &#8211; voll des Lobes: &#8222;Gro\u00dfartige Leute. Ich w\u00fcnsche ihnen alles Gute.&#8220; Die erste Folge mit Hasanovic und Foroutan soll im Herbst ausgestrahlt werden.<\/p>\n<p>Der 1962 in Paris geborene Wolfram Koch hat sich neben seiner Film- und Fernsehkarriere vor allem als Theaterschauspieler einen Namen gemacht. Derzeit steht er bei den Nibelungen-Festspielen in Worms auf der B\u00fchne. Zu seiner Kollegin Margarita Broich h\u00e4lt er weiterhin Kontakt. Dass er mit ihr noch einmal in einem &#8222;Tatort&#8220; in Erscheinung treten k\u00f6nnte, m\u00f6chte er nicht g\u00e4nzlich ausschlie\u00dfen.<\/p>\n","protected":false},"excerpt":{"rendered":"&#8222;So zerst\u00f6rt man Kreativit\u00e4t&#8220; &#8222;Tatort&#8220;-Star rechnet mit Verantwortlichen ab 14.07.2025, 13:03 Uhr Artikel anh\u00f6ren Diese Audioversion wurde k\u00fcnstlich&hellip;\n","protected":false},"author":2,"featured_media":267382,"comment_status":"","ping_status":"","sticky":false,"template":"","format":"standard","meta":{"footnotes":""},"categories":[1773],"tags":[223,29,214,9973,30,1472,471,1780,218,684,215],"class_list":{"0":"post-267381","1":"post","2":"type-post","3":"status-publish","4":"format-standard","5":"has-post-thumbnail","7":"category-serien","8":"tag-ard","9":"tag-deutschland","10":"tag-entertainment","11":"tag-fernsehserie","12":"tag-germany","13":"tag-krimi","14":"tag-serien","15":"tag-series","16":"tag-tatort","17":"tag-tv","18":"tag-unterhaltung"},"share_on_mastodon":{"url":"https:\/\/pubeurope.com\/@de\/114851379470968096","error":""},"_links":{"self":[{"href":"https:\/\/www.europesays.com\/de\/wp-json\/wp\/v2\/posts\/267381","targetHints":{"allow":["GET"]}}],"collection":[{"href":"https:\/\/www.europesays.com\/de\/wp-json\/wp\/v2\/posts"}],"about":[{"href":"https:\/\/www.europesays.com\/de\/wp-json\/wp\/v2\/types\/post"}],"author":[{"embeddable":true,"href":"https:\/\/www.europesays.com\/de\/wp-json\/wp\/v2\/users\/2"}],"replies":[{"embeddable":true,"href":"https:\/\/www.europesays.com\/de\/wp-json\/wp\/v2\/comments?post=267381"}],"version-history":[{"count":0,"href":"https:\/\/www.europesays.com\/de\/wp-json\/wp\/v2\/posts\/267381\/revisions"}],"wp:featuredmedia":[{"embeddable":true,"href":"https:\/\/www.europesays.com\/de\/wp-json\/wp\/v2\/media\/267382"}],"wp:attachment":[{"href":"https:\/\/www.europesays.com\/de\/wp-json\/wp\/v2\/media?parent=267381"}],"wp:term":[{"taxonomy":"category","embeddable":true,"href":"https:\/\/www.europesays.com\/de\/wp-json\/wp\/v2\/categories?post=267381"},{"taxonomy":"post_tag","embeddable":true,"href":"https:\/\/www.europesays.com\/de\/wp-json\/wp\/v2\/tags?post=267381"}],"curies":[{"name":"wp","href":"https:\/\/api.w.org\/{rel}","templated":true}]}}