{"id":267412,"date":"2025-07-14T11:50:13","date_gmt":"2025-07-14T11:50:13","guid":{"rendered":"https:\/\/www.europesays.com\/de\/267412\/"},"modified":"2025-07-14T11:50:13","modified_gmt":"2025-07-14T11:50:13","slug":"re4-soll-in-wickrath-halten","status":"publish","type":"post","link":"https:\/\/www.europesays.com\/de\/267412\/","title":{"rendered":"RE4 soll in Wickrath halten"},"content":{"rendered":"<p class=\"text_ohne_einzug richtext text-em-55 !leading-serif mx-6 desktop:mx-0\">Kurzfristig sollen \u201esechs Verst\u00e4rkerz\u00fcge des RE4, drei morgens in Richtung D\u00fcsseldorf und drei nachmittags\/abends von D\u00fcsseldorf aus kommend in Richtung <a href=\"https:\/\/rp-online.de\/thema\/aachen\/\" target=\"_blank\" rel=\"noopener\">Aachen<\/a> jeweils mit Halt in Wickrath, wieder in den Fahrplan aufgenommen werden\u201c, hei\u00dft es in dem Antrag. Langfristig, m\u00f6glichst bis zum n\u00e4chsten gro\u00dfen Fahrplanwechsel im Winter, soll der RE4 immer regelm\u00e4\u00dfig am Bahnhof (Haltepunkt) Wickrath halten. Einstimmig wurde der Antrag angenommen.<\/p>\n","protected":false},"excerpt":{"rendered":"Kurzfristig sollen \u201esechs Verst\u00e4rkerz\u00fcge des RE4, drei morgens in Richtung D\u00fcsseldorf und drei nachmittags\/abends von D\u00fcsseldorf aus kommend&hellip;\n","protected":false},"author":2,"featured_media":267413,"comment_status":"","ping_status":"","sticky":false,"template":"","format":"standard","meta":{"footnotes":""},"categories":[1849],"tags":[3364,29,548,663,3934,30,13,4455,14,15,1209,42208,12,601,25303],"class_list":{"0":"post-267412","1":"post","2":"type-post","3":"status-publish","4":"format-standard","5":"has-post-thumbnail","7":"category-moenchengladbach","8":"tag-de","9":"tag-deutschland","10":"tag-eu","11":"tag-europa","12":"tag-europe","13":"tag-germany","14":"tag-headlines","15":"tag-moenchengladbach","16":"tag-nachrichten","17":"tag-news","18":"tag-nordrhein-westfalen","19":"tag-re4","20":"tag-schlagzeilen","21":"tag-verkehr","22":"tag-wickrath"},"share_on_mastodon":{"url":"https:\/\/pubeurope.com\/@de\/114851441693961673","error":""},"_links":{"self":[{"href":"https:\/\/www.europesays.com\/de\/wp-json\/wp\/v2\/posts\/267412","targetHints":{"allow":["GET"]}}],"collection":[{"href":"https:\/\/www.europesays.com\/de\/wp-json\/wp\/v2\/posts"}],"about":[{"href":"https:\/\/www.europesays.com\/de\/wp-json\/wp\/v2\/types\/post"}],"author":[{"embeddable":true,"href":"https:\/\/www.europesays.com\/de\/wp-json\/wp\/v2\/users\/2"}],"replies":[{"embeddable":true,"href":"https:\/\/www.europesays.com\/de\/wp-json\/wp\/v2\/comments?post=267412"}],"version-history":[{"count":0,"href":"https:\/\/www.europesays.com\/de\/wp-json\/wp\/v2\/posts\/267412\/revisions"}],"wp:featuredmedia":[{"embeddable":true,"href":"https:\/\/www.europesays.com\/de\/wp-json\/wp\/v2\/media\/267413"}],"wp:attachment":[{"href":"https:\/\/www.europesays.com\/de\/wp-json\/wp\/v2\/media?parent=267412"}],"wp:term":[{"taxonomy":"category","embeddable":true,"href":"https:\/\/www.europesays.com\/de\/wp-json\/wp\/v2\/categories?post=267412"},{"taxonomy":"post_tag","embeddable":true,"href":"https:\/\/www.europesays.com\/de\/wp-json\/wp\/v2\/tags?post=267412"}],"curies":[{"name":"wp","href":"https:\/\/api.w.org\/{rel}","templated":true}]}}