{"id":267460,"date":"2025-07-14T12:17:10","date_gmt":"2025-07-14T12:17:10","guid":{"rendered":"https:\/\/www.europesays.com\/de\/267460\/"},"modified":"2025-07-14T12:17:10","modified_gmt":"2025-07-14T12:17:10","slug":"pol-du-neumuehl-unbekannte-entreisst-seniorin-halskette-zeugen-gesucht","status":"publish","type":"post","link":"https:\/\/www.europesays.com\/de\/267460\/","title":{"rendered":"POL-DU: Neum\u00fchl: Unbekannte entrei\u00dft Seniorin Halskette &#8211; Zeugen gesucht"},"content":{"rendered":"<p class=\"date\">14.07.2025 \u2013 14:10<\/p>\n<p class=\"customer\">\n                        <a class=\"story-customer\" title=\"weiter zum newsroom von Polizei Duisburg\" href=\"https:\/\/www.presseportal.de\/blaulicht\/nr\/50510\" rel=\"nofollow noopener\" target=\"_blank\">Polizei Duisburg<\/a>\n                    <\/p>\n<p><a data-category=\"citylink-story-view\" data-action=\"click\" data-label=\"Citylink in Meldungsansicht\" class=\"story-city event-trigger\" href=\"https:\/\/www.presseportal.de\/regional\/Duisburg\" title=\"News aus Duisburg \" rel=\"nofollow noopener\" target=\"_blank\">Duisburg<\/a> (ots)<\/p>\n<p>Eine 71-J\u00e4hrige ist am Samstagnachmittag (13. Juli, 17 Uhr) auf der Otto-Hahn-Stra\u00dfe bestohlen worden. Sie schilderte der Polizei, dass sie zu Fu\u00df unterwegs war, als ein grau\/blauer Pkw neben ihr anhielt. Eine bislang unbekannte Frau stieg aus, ging auf die Duisburgerin zu und soll mit einem Werkzeug ihre Halskette durchtrennt haben. Die T\u00e4terin steckte die hochwertige goldene Kette mit einem Buddha-Anh\u00e4nger ein.<\/p>\n<p>Im Anschluss \u00fcbergab die Unbekannte der Seniorin Bargeld sowie Modeschmuck. Danach stieg sie wieder in das Auto und fuhr in Richtung Buschhauser Stra\u00dfe davon.<\/p>\n<p>Die 71-J\u00e4hrige war von der Situation so \u00fcberrascht, dass sie keine n\u00e4heren Angaben zum Fahrzeugmodell oder zum Kennzeichen machen konnte. Sie blieb unverletzt. Die T\u00e4terin wird auf etwa 30 Jahre und 1,50 Meter gesch\u00e4tzt und hat kinnlanges, dunkles Haar.<\/p>\n<p>Die Polizei Duisburg bittet Zeuginnen oder Zeugen, die Hinweise zum Tatgeschehen, dem Fahrzeug oder der unbekannten Frau geben k\u00f6nnen, sich unter der Rufnummer 0203 2800 beim Kriminalkommissariat 34 zu melden.<\/p>\n<p class=\"contact-headline\">Journalisten wenden sich mit R\u00fcckfragen bitte an:<\/p>\n<p class=\"contact-text\">Polizei Duisburg<br \/>&#8211; Pressestelle &#8211;<br \/>Polizei Duisburg<br \/>Telefon: 0203 280 -1041, -1045, -1046, -1047<br \/>Fax: 0203 280 1049<br \/>E-Mail: <a href=\"https:\/\/www.presseportal.de\/blaulicht\/pm\/50510\/mailto: pressestelle.duisburg@polizei.nrw.de\" class=\"uri-mailto\" rel=\"nofollow noopener\" target=\"_blank\"> pressestelle.duisburg@polizei.nrw.de<\/a><br \/><a target=\"_blank\" class=\"uri-ext outbound\" rel=\"noopener nofollow\" href=\"https:\/\/duisburg.polizei.nrw\">https:\/\/duisburg.polizei.nrw<\/a><\/p>\n<p>au\u00dferhalb der B\u00fcrodienstzeiten:<br \/>Polizei Duisburg<br \/>Telefon: 0203 2800<\/p>\n<p class=\"originator\">Original-Content von: Polizei Duisburg, \u00fcbermittelt durch news aktuell<\/p>\n","protected":false},"excerpt":{"rendered":"14.07.2025 \u2013 14:10 Polizei Duisburg Duisburg (ots) Eine 71-J\u00e4hrige ist am Samstagnachmittag (13. Juli, 17 Uhr) auf der&hellip;\n","protected":false},"author":2,"featured_media":108,"comment_status":"","ping_status":"","sticky":false,"template":"","format":"standard","meta":{"footnotes":""},"categories":[1838],"tags":[3364,29,3715,30,177,1209,176,121,178,180,179,181],"class_list":{"0":"post-267460","1":"post","2":"type-post","3":"status-publish","4":"format-standard","5":"has-post-thumbnail","7":"category-duisburg","8":"tag-de","9":"tag-deutschland","10":"tag-duisburg","11":"tag-germany","12":"tag-kriminalitt","13":"tag-nordrhein-westfalen","14":"tag-nrw","15":"tag-polizei","16":"tag-presse","17":"tag-pressemeldung","18":"tag-pressemitteilung","19":"tag-pressemitteilungen"},"share_on_mastodon":{"url":"https:\/\/pubeurope.com\/@de\/114851547948494953","error":""},"_links":{"self":[{"href":"https:\/\/www.europesays.com\/de\/wp-json\/wp\/v2\/posts\/267460","targetHints":{"allow":["GET"]}}],"collection":[{"href":"https:\/\/www.europesays.com\/de\/wp-json\/wp\/v2\/posts"}],"about":[{"href":"https:\/\/www.europesays.com\/de\/wp-json\/wp\/v2\/types\/post"}],"author":[{"embeddable":true,"href":"https:\/\/www.europesays.com\/de\/wp-json\/wp\/v2\/users\/2"}],"replies":[{"embeddable":true,"href":"https:\/\/www.europesays.com\/de\/wp-json\/wp\/v2\/comments?post=267460"}],"version-history":[{"count":0,"href":"https:\/\/www.europesays.com\/de\/wp-json\/wp\/v2\/posts\/267460\/revisions"}],"wp:featuredmedia":[{"embeddable":true,"href":"https:\/\/www.europesays.com\/de\/wp-json\/wp\/v2\/media\/108"}],"wp:attachment":[{"href":"https:\/\/www.europesays.com\/de\/wp-json\/wp\/v2\/media?parent=267460"}],"wp:term":[{"taxonomy":"category","embeddable":true,"href":"https:\/\/www.europesays.com\/de\/wp-json\/wp\/v2\/categories?post=267460"},{"taxonomy":"post_tag","embeddable":true,"href":"https:\/\/www.europesays.com\/de\/wp-json\/wp\/v2\/tags?post=267460"}],"curies":[{"name":"wp","href":"https:\/\/api.w.org\/{rel}","templated":true}]}}