{"id":267504,"date":"2025-07-14T12:42:10","date_gmt":"2025-07-14T12:42:10","guid":{"rendered":"https:\/\/www.europesays.com\/de\/267504\/"},"modified":"2025-07-14T12:42:10","modified_gmt":"2025-07-14T12:42:10","slug":"muenchen-schulferien-diskussion-soeder-erteilt-nrw-absage","status":"publish","type":"post","link":"https:\/\/www.europesays.com\/de\/267504\/","title":{"rendered":"M\u00fcnchen | Schulferien-Diskussion: S\u00f6der erteilt NRW Absage"},"content":{"rendered":"<p>M\u00fcnchen (dpa) &#8211; Die Sch\u00fclerinnen und Sch\u00fcler in Bayern und Baden-W\u00fcrttemberg starten seit Jahren als Letztes in die Sommerferien. Nordrhein-Westfalen hat nun eine neue Regelung gefordert &#8211; und prompt ein klares Nein aus Bayern zur\u00fcckbekommen.<\/p>\n<p>In Bayern sind die Sommerferien jedes Jahr von Anfang August bis Mitte September. Nordrhein-Westfalens Bildungsministerin, Dorothee Feller, hatte eine \u00c4nderung der Sommerferienregelung gefordert. NRW h\u00e4tte auch gern einmal einen sp\u00e4teren Ferienstart, sagte die CDU-Politikerin der \u00abWestdeutschen Allgemeinen Zeitung\u00bb. Die Begr\u00fcndung, dass die Schulkinder in Bayern in den Ferien bei der Ernte helfen m\u00fcssten, ziehe nicht mehr. Offiziell wird der Ferientermin in Bayern aber schon lange nicht mehr mit Erntearbeiten von Kindern begr\u00fcndet &#8211; vielmehr mit dem zeitlichen Abstand zu den Pfingstferien.<\/p>\n<p>S\u00f6der: Ferienrhythmus in DNA der Bayern<\/p>\n<p>\u00abWir haben unseren Ferienrhythmus, der ist sozusagen fest in der DNA der Bayern drin\u00bb, sagte Bayerns Ministerpr\u00e4sident Markus S\u00f6der (CSU). Wenn Baden-W\u00fcrttemberg, das einzige andere Bundesland, welches von dem Rotieren der Sommerferien ausgenommen ist, seine Ferien gern mit Nordrhein-Westfalen tauschen wolle, sei ihm das v\u00f6llig egal, sagte er. Bayern werde das aber nicht tun.<\/p>\n<p>Wann welches Land Sommerferien hat, wird entsprechend der gemeinsamen L\u00e4ndervereinbarung der Kultusministerkonferenz (KMK) f\u00fcr mehrere Jahre im Voraus festgelegt, wie Bayerns Kultusministerium mitteilte. Die Ferienzeitr\u00e4ume bis einschlie\u00dflich des Schuljahres 2029\/2030 seien bereits festgelegt.\u00a0<br \/>Um zu vermeiden, dass die Ferien in allen Bundesl\u00e4ndern gleichzeitig stattfinden, stimmen die Bundesl\u00e4nder die Ferienkalender seit etwa 50 Jahren aufeinander ab.<\/p>\n<p>Kultusministerin verteidigt Regelung<\/p>\n<p>Auch Bayerns Kultusministerin Anna Stolz (Freie W\u00e4hler) verteidigte die bisherige Regelung auf Anfrage der Deutschen Presse-Agentur: Die Gesamtdauer der Ferien aufs Jahr gesehen sei mit 75 Tagen bundesweit f\u00fcr alle Bundesl\u00e4nder gleich. \u00abDass Bayern mit Baden-W\u00fcrttemberg bei der Festlegung der Sommerferien stets den sp\u00e4testen Termin einnimmt, liegt daran, dass wir uns in unserer Ferienordnung an den christlichen Feiertagen orientieren\u00bb, sagte sie.<\/p>\n<p>Anders als die n\u00f6rdlichen Bundesl\u00e4nder habe man in Bayern an Pfingsten zweiw\u00f6chige Ferien. \u00abDaran werden wir auch festhalten. Deswegen werden wir auch bei den Sommerferien weiterhin bei der bisherigen Regelung bleiben.\u00bb<\/p>\n","protected":false},"excerpt":{"rendered":"M\u00fcnchen (dpa) &#8211; Die Sch\u00fclerinnen und Sch\u00fcler in Bayern und Baden-W\u00fcrttemberg starten seit Jahren als Letztes in die&hellip;\n","protected":false},"author":2,"featured_media":267505,"comment_status":"","ping_status":"","sticky":false,"template":"","format":"standard","meta":{"footnotes":""},"categories":[1827],"tags":[772,774,29,4532,30,1114,1268,2403,966,631,1031],"class_list":{"0":"post-267504","1":"post","2":"type-post","3":"status-publish","4":"format-standard","5":"has-post-thumbnail","7":"category-muenchen","8":"tag-bayern","9":"tag-csu","10":"tag-deutschland","11":"tag-ferien","12":"tag-germany","13":"tag-kinder","14":"tag-muenchen","15":"tag-partei","16":"tag-schule","17":"tag-urlaub","18":"tag-vorstand"},"share_on_mastodon":{"url":"https:\/\/pubeurope.com\/@de\/114851646532596209","error":""},"_links":{"self":[{"href":"https:\/\/www.europesays.com\/de\/wp-json\/wp\/v2\/posts\/267504","targetHints":{"allow":["GET"]}}],"collection":[{"href":"https:\/\/www.europesays.com\/de\/wp-json\/wp\/v2\/posts"}],"about":[{"href":"https:\/\/www.europesays.com\/de\/wp-json\/wp\/v2\/types\/post"}],"author":[{"embeddable":true,"href":"https:\/\/www.europesays.com\/de\/wp-json\/wp\/v2\/users\/2"}],"replies":[{"embeddable":true,"href":"https:\/\/www.europesays.com\/de\/wp-json\/wp\/v2\/comments?post=267504"}],"version-history":[{"count":0,"href":"https:\/\/www.europesays.com\/de\/wp-json\/wp\/v2\/posts\/267504\/revisions"}],"wp:featuredmedia":[{"embeddable":true,"href":"https:\/\/www.europesays.com\/de\/wp-json\/wp\/v2\/media\/267505"}],"wp:attachment":[{"href":"https:\/\/www.europesays.com\/de\/wp-json\/wp\/v2\/media?parent=267504"}],"wp:term":[{"taxonomy":"category","embeddable":true,"href":"https:\/\/www.europesays.com\/de\/wp-json\/wp\/v2\/categories?post=267504"},{"taxonomy":"post_tag","embeddable":true,"href":"https:\/\/www.europesays.com\/de\/wp-json\/wp\/v2\/tags?post=267504"}],"curies":[{"name":"wp","href":"https:\/\/api.w.org\/{rel}","templated":true}]}}