{"id":267506,"date":"2025-07-14T12:43:21","date_gmt":"2025-07-14T12:43:21","guid":{"rendered":"https:\/\/www.europesays.com\/de\/267506\/"},"modified":"2025-07-14T12:43:21","modified_gmt":"2025-07-14T12:43:21","slug":"reime-rhetorik-und-rampenlicht-kampf-der-kuenste-feiert-20-jahre","status":"publish","type":"post","link":"https:\/\/www.europesays.com\/de\/267506\/","title":{"rendered":"Reime, Rhetorik und Rampenlicht: &#8222;Kampf der K\u00fcnste&#8220; feiert 20 Jahre"},"content":{"rendered":"<p>        <img decoding=\"async\" src=\"https:\/\/www.europesays.com\/de\/wp-content\/uploads\/2025\/07\/mikrofon-104.webp\" alt=\"Ein Mikrofon steht im Scheinwerferlicht einer roten Lampe\" title=\"Ein Mikrofon steht im Scheinwerferlicht einer roten Lampe | picture alliance \/ Britta Pedersen\/Shotshop | Britta Pedersen\" class=\"responsive\"\/><\/p>\n<p>AUDIO: Reime, Rhetorik und Rampenlicht: &#8222;Kampf der K\u00fcnste&#8220; feiert 20 Jahre (4 Min)<\/p>\n<p>\n            Stand: 14.07.2025 14:05 Uhr<\/p>\n<p class=\"preface\">2005 begann es mit einem kleinen Slam im Zeise Kino. Heute ist &#8222;Kampf der K\u00fcnste&#8220; eine feste Gr\u00f6\u00dfe der Hamburger Kulturszene und ein Urgestein in der Szene der Spoken Word Shows. Beim Jubil\u00e4um im Schauspielhaus traf B\u00fchnenpoesie auf Beats, Drinks &#8211; und ganz viel Nostalgie.<\/p>\n<p class=\"textauthor\">von <a href=\"https:\/\/www.ndr.de\/kultur\/antonia-reiff,reiff100.html\" target=\"_blank\" rel=\"noopener\">Antonia Reiff<\/a><\/p>\n<p class=\"\">\nDer Slam-Poet Julius Fischer aus Leipzig sitzt am Fl\u00fcgel und widmet zum Auftakt dem &#8222;Kampf der K\u00fcnste&#8220; ein eigenes Lied. Auf der B\u00fchne steht eine kleine Bar. Dahinter mixt Hinnerk K\u00f6hn in Weste und mit Fliege Drinks f\u00fcr die K\u00fcnstlerinnen und K\u00fcnstler des Abends. Am rechten B\u00fchnenrand, wie immer, seit 20 Jahren DJ Martin Moritz, der zwischendurch Platten auflegt. David Friedrich moderiert den Abend. Sie alle kennen sich, sind ein eingespieltes Team und blicken gemeinsam zur\u00fcck.<\/p>\n<blockquote><p>\n        Vor 20 Jahren lernte ich noch die ersten wackeligen Reime spinnen, <br \/>versuchte mich an Pointen und dachte ernsthaft, es ginge ums Gewinnen.<br \/>Vor meinem ersten Poetry Slam im Zeise-Kino in Hamburg-Ottensen <br \/>war meine gr\u00f6\u00dfte Angst, dass die Leute mich direkt ausbuhen, weil ich aus M\u00fcnchen bin.<\/p>\n<p>                Ausschnitt aus der Jubil\u00e4umsshow &#8222;20 Jahre Kampf der K\u00fcste&#8220;<\/p>\n<\/blockquote>\n<p class=\"\">\nZum Jubil\u00e4um im Schauspielhaus kommen die Allstars der Poetry Slam Szene: verschiedene K\u00fcnstler*innen, die seit vielen Jahren beim Kampf der K\u00fcnste auf der B\u00fchne stehen und sich dem Urteil des Publikums stellen. An diesem Jubil\u00e4umsabend soll einfach gefeiert werden, es gibt keinen Wettbewerb und keine Bewertung.<\/p>\n<p>    Poetry und Comedy Slams: F\u00fcr jeden was dabei<\/p>\n<p class=\"\">\nAnna Bartling hat mit f\u00fcnfzehn Jahren beim Kampf der K\u00fcnste Slam im Haus 73 angefangen. Heute kann sie davon leben und hat einen Text \u00fcber das \u00e4lter werden dabei: &#8222;Wenn ich Bock auf Botox habe, dann knall ich mir das Zeug so derma\u00dfen in die Fresse rein. Ich bin Pro-Aging, ich runzle meine Stirn aus Widerstand, ich m\u00f6chte, dass man mir mein Leben ansieht.&#8220;<\/p>\n<p class=\"\">\nIm Publikum sind viele, die seit Jahren zu den Poetry und Comedy Slams von Kampf der K\u00fcnste kommen. &#8222;Was ich ganz cool finde ist, dass f\u00fcr alle Generationen was dabei ist, weil die Texte ganz unterschiedlich sind und jeder sich mehr oder weniger auf eine gewisse Art und Weise angesprochen f\u00fchlt und sich damit identifizieren kann&#8220;, erz\u00e4hlt eine Zuschauerin.<\/p>\n<p>    Der Anfang war noch eher Rock &#8217;n&#8216; Roll<\/p>\n<p class=\"\">\nAngefangen hat der &#8222;Kampf der K\u00fcnste&#8220; 2005 ganz klein im Zeise Kino in Ottensen. Jan-Oliver Lange hat damals an der Kinokasse gearbeitet. Als die Sp\u00e4tvorstellungen abgeschafft werden sollten, hatte er eine Idee: &#8222;Ein alter Schulfreund von mir, Michel Abdollahi, hat damals schon Poetry Slam gemacht &#8211; als Slammer.\u201d Lange fragt ihn, ob sie nicht einen Poetry Slam gr\u00fcnden wollen. Die Idee: Abdollahi moderiert und Lange organisiert. &#8222;Dann haben wir eine Veranstaltung gemacht&#8220;, erinnert sich Lange. &#8222;Es waren 18 Leute da. Die Veranstaltung war gut, aber es war sehr leer. Mit den n\u00e4chsten Monaten hat sich das dann langsam gef\u00fcllt und weiterentwickelt.&#8220;<\/p>\n<p class=\"\">\nIn der Anfangszeit hatte der Slam noch viel mehr Rock &#8217;n&#8216; Roll Charakter: Es gab wenig Budget und die Slammer haben bei Jan-Oliver Lange in der Wohnung auf dem Boden geschlafen. \u00dcber die Jahre ist &#8222;Kampf der K\u00fcnste&#8220; vom Nischenformat in der Kleinkunst zum Sprungbrett f\u00fcr Kabarettisten und Comedians wie Till Reiners, Hazel Brugger oder Felix Lobrecht geworden. &#8222;Es ist absolut atemberaubend und nat\u00fcrlich auch ein sehr emotionaler Abend. Ich h\u00e4tte damals, als wir damit angefangen haben, niemals gedacht, dass es 20 Jahre sp\u00e4ter immer noch da und so gro\u00df sein w\u00fcrde. Wobei, nach zwei Jahren waren wir hier zum ersten Mal schon im Schauspielhaus ausverkauft&#8220;. Schon da dachte Lange, dass die Veranstaltung sich etwas l\u00e4nger halten k\u00f6nnte.<\/p>\n<p>    Offene Poetry Slams f\u00fcr und in Hamburg<\/p>\n<p class=\"\">\nUnd so gibt es seit 20 Jahren regelm\u00e4\u00dfig offene Slams in Hamburg im Haus 73, im Zeise Kino, im Ernst Deutsch Theater und jedes Jahr einen Poetry Slam Day in der Elbphilharmonie. Das n\u00e4chste Stand Up-Programm findet am 25. Juli im Mojo Club stett und ein Best of Poetry Slam ist am 14. August beim Stadtpark Open Air zu erleben.<\/p>\n<p>        <img decoding=\"async\" src=\"https:\/\/www.europesays.com\/de\/wp-content\/uploads\/2025\/07\/screenshot1894134.webp\" alt=\"Das Kultur- und Initiativenhaus STRAZE in Greifswald.\" title=\"Das Kultur- und Initiativenhaus STRAZE in Greifswald. | NDR Screenshot\" class=\"responsive\" loading=\"lazy\"\/><\/p>\n<p>Am Sonnabend messen sich die besten Slamer Mecklenburg-Vorpommerns in der Greifswalder Straze. Das Publikum bestimmt die Sieger.<\/p>\n<p>        <img decoding=\"async\" src=\"https:\/\/www.europesays.com\/de\/wp-content\/uploads\/2025\/07\/rhododendronpark100.webp\" alt=\"Bl\u00fchende Rhododendren im Rhododendronpark Graal-M\u00fcritz. (Themenbild)\" title=\"&quot;Der Rhododendronpark in Graal-M\u00fcritz erbl\u00fcht in den sch\u00f6nsten Farben&quot;,berichtete uns Dagmar M\u00fcller aus M\u00fclsen. | NDR, Dagmar M\u00fcller aus M\u00fclsen\" class=\"responsive\" loading=\"lazy\"\/><\/p>\n<p>An ungew\u00f6hnlichen Orten wird zur diesj\u00e4hrigen Literaturwoche in Graal-M\u00fcritz gelesen, gereimt und gesungen.<\/p>\n<p>        <img decoding=\"async\" src=\"https:\/\/www.europesays.com\/de\/wp-content\/uploads\/2025\/07\/mikrofon206.webp\" alt=\"Ein Mikrofon steht im Vordergrund, dahinter ein Mann, der in ein anderes Mikrofon spricht\" title=\"Ein Mikrofon steht im Vordergrund, dahinter ein Mann, der in ein anderes Mikrofon spricht | imago\" class=\"responsive\" loading=\"lazy\"\/><\/p>\n<p>Religi\u00f6se \u00dcberzeugungen und die pers\u00f6nliche Spiritualit\u00e4t in Versform zum Ausdruck zu bringen, hat in islamischen Kulturen eine lange Geschichte.<\/p>\n<p>        <img decoding=\"async\" src=\"https:\/\/www.europesays.com\/de\/wp-content\/uploads\/2025\/07\/islam340.webp\" alt=\"Die Poetry-Slam-Gruppe &quot;i,Slam&quot; aus Berlin\" title=\"Die Poetry-Slam-Gruppe &quot;i,Slam&quot; aus Berlin | i,Slam, Elif K\u00fcc\u00fck\" class=\"responsive\" loading=\"lazy\"\/><\/p>\n<p>Junge engagierte Muslime der Gruppe &#8222;i,Slam&#8220; aus Berlin stellen sich auf die B\u00fchne und verschaffen sich Geh\u00f6r: mit Poetry-Slam.<\/p>\n<p>        Schlagw\u00f6rter zu diesem Artikel<\/p>\n<p>            <a href=\"https:\/\/www.ndr.de\/kultur\/theater,theater959.html\" target=\"_blank\" rel=\"noopener\">Theater<\/a><\/p>\n","protected":false},"excerpt":{"rendered":"AUDIO: Reime, Rhetorik und Rampenlicht: &#8222;Kampf der K\u00fcnste&#8220; feiert 20 Jahre (4 Min) Stand: 14.07.2025 14:05 Uhr 2005&hellip;\n","protected":false},"author":2,"featured_media":267507,"comment_status":"","ping_status":"","sticky":false,"template":"","format":"standard","meta":{"footnotes":""},"categories":[1826],"tags":[29,30,692,3009,80516,26003,5711,94],"class_list":{"0":"post-267506","1":"post","2":"type-post","3":"status-publish","4":"format-standard","5":"has-post-thumbnail","7":"category-hamburg","8":"tag-deutschland","9":"tag-germany","10":"tag-hamburg","11":"tag-jubilaeum","12":"tag-kampf-der-kuenste","13":"tag-poetry-slam","14":"tag-schauspielhaus","15":"tag-theater"},"share_on_mastodon":{"url":"https:\/\/pubeurope.com\/@de\/114851650564703980","error":""},"_links":{"self":[{"href":"https:\/\/www.europesays.com\/de\/wp-json\/wp\/v2\/posts\/267506","targetHints":{"allow":["GET"]}}],"collection":[{"href":"https:\/\/www.europesays.com\/de\/wp-json\/wp\/v2\/posts"}],"about":[{"href":"https:\/\/www.europesays.com\/de\/wp-json\/wp\/v2\/types\/post"}],"author":[{"embeddable":true,"href":"https:\/\/www.europesays.com\/de\/wp-json\/wp\/v2\/users\/2"}],"replies":[{"embeddable":true,"href":"https:\/\/www.europesays.com\/de\/wp-json\/wp\/v2\/comments?post=267506"}],"version-history":[{"count":0,"href":"https:\/\/www.europesays.com\/de\/wp-json\/wp\/v2\/posts\/267506\/revisions"}],"wp:featuredmedia":[{"embeddable":true,"href":"https:\/\/www.europesays.com\/de\/wp-json\/wp\/v2\/media\/267507"}],"wp:attachment":[{"href":"https:\/\/www.europesays.com\/de\/wp-json\/wp\/v2\/media?parent=267506"}],"wp:term":[{"taxonomy":"category","embeddable":true,"href":"https:\/\/www.europesays.com\/de\/wp-json\/wp\/v2\/categories?post=267506"},{"taxonomy":"post_tag","embeddable":true,"href":"https:\/\/www.europesays.com\/de\/wp-json\/wp\/v2\/tags?post=267506"}],"curies":[{"name":"wp","href":"https:\/\/api.w.org\/{rel}","templated":true}]}}