{"id":267508,"date":"2025-07-14T12:44:10","date_gmt":"2025-07-14T12:44:10","guid":{"rendered":"https:\/\/www.europesays.com\/de\/267508\/"},"modified":"2025-07-14T12:44:10","modified_gmt":"2025-07-14T12:44:10","slug":"pol-hh-250714-3-polizei-nimmt-tatverdaechtige-zu-wuerfen-von-gegenstaenden-auf","status":"publish","type":"post","link":"https:\/\/www.europesays.com\/de\/267508\/","title":{"rendered":"POL-HH: 250714-3. Polizei nimmt Tatverd\u00e4chtige zu W\u00fcrfen von Gegenst\u00e4nden auf &#8230;"},"content":{"rendered":"<p class=\"date\">14.07.2025 \u2013 14:05<\/p>\n<p class=\"customer\">\n                        <a class=\"story-customer\" title=\"weiter zum newsroom von Polizei Hamburg\" href=\"https:\/\/www.presseportal.de\/blaulicht\/nr\/6337\" target=\"_blank\" rel=\"noopener\">Polizei Hamburg<\/a>\n                    <\/p>\n<p><a data-category=\"citylink-story-view\" data-action=\"click\" data-label=\"Citylink in Meldungsansicht\" class=\"story-city event-trigger\" href=\"https:\/\/www.presseportal.de\/regional\/Hamburg\" title=\"News aus Hamburg \" target=\"_blank\" rel=\"noopener\">Hamburg<\/a> (ots)<\/p>\n<p>Zeit: 12.07.2025, ab 00:05 Uhr<\/p>\n<p>Ort: Hamburg-Schnelsen, Frohmestra\u00dfe<\/p>\n<p>In der Nacht zu Samstag haben Einsatzkr\u00e4fte im Stadtteil Schnelsen zwei 16- und 18-j\u00e4hrige Tatverd\u00e4chtige vorl\u00e4ufig festgenommen. Sie sollen in mindestens zwei F\u00e4llen Gegenst\u00e4nde von einer Br\u00fccke auf die Bundesautobahn (BAB) 7 geworfen haben.<\/p>\n<p>Ende Juni ver\u00f6ffentlichte die Polizei Hamburg einen Zeugenaufruf, nachdem zwei zun\u00e4chst Unbekannte Holzpaletten und Autoreifen von der Autobahnbr\u00fccke Schleswiger Damm auf die BAB 7 geworfen hatten. N\u00e4here Informationen sind unserer Pressemitteilung vom 25.06.2025: <a target=\"_blank\" class=\"uri-ext outbound\" rel=\"noopener\" href=\"https:\/\/www.presseportal.de\/blaulicht\/pm\/6337\/6062879\">https:\/\/www.presseportal.de\/blaulicht\/pm\/6337\/6062879<\/a> zu entnehmen.<\/p>\n<p>Zivile Einsatzkr\u00e4fte bemerkten in der Nacht zu Samstag in der N\u00e4he der Br\u00fccke Schleswiger Damm zwei Personen, die sich mutma\u00dflich unberechtigt auf ein Betriebsgel\u00e4nde an der Frohmestra\u00dfe begaben. Daraufhin \u00fcberpr\u00fcften die Polizistinnen und Polizisten die beiden M\u00e4nner. Im Rahmen einer anschlie\u00dfenden Absuche des Gel\u00e4ndes entdeckten die Beamtinnen und Beamten drei Wohnmobile, die offenbar frische Aufbruchspuren aufwiesen.<\/p>\n<p>Anhand vorliegender Videoaufnahmen erkannten die Zivilfahnderinnen und Zivilfahnder die beiden 16- und 18-J\u00e4hrigen zudem auch als Tatverd\u00e4chtige f\u00fcr den Wurf der Gegenst\u00e4nde auf die BAB 7 am 25.06.2025 sowie f\u00fcr einen weiteren am 07.07.2025 wieder. Hierbei hatten ebenfalls bislang Unbekannte mutma\u00dflich einen l\u00e4nglichen, derzeit nicht n\u00e4her bekannten Gegenstand von der Br\u00fccke Schleswiger Damm auf die Autobahn geworfen. Verletzt wurde nach jetzigem Stand in beiden F\u00e4llen niemand.<\/p>\n<p>Die deutschen Staatsangeh\u00f6rigen wurden daraufhin vorl\u00e4ufig festgenommen, nach ihren erkennungsdienstlichen Behandlungen jedoch entlassen.<\/p>\n<p>Die Ermittlungen werden mittlerweile beim \u00f6rtlich zust\u00e4ndigen Eimsb\u00fctteler Landeskriminalamt (LKA 134) gef\u00fchrt und dauern an. Hierbei pr\u00fcfen die Beamtinnen und Beamten auch, ob die beiden Tatverd\u00e4chtigen f\u00fcr weitere \u00e4hnlich gelagerte Taten in Betracht kommen.<\/p>\n<p>Zim.<\/p>\n<p class=\"contact-headline\">R\u00fcckfragen der Medien bitte an:<\/p>\n<p class=\"contact-text\">Polizei Hamburg<br \/>Presse- und \u00d6ffentlichkeitsarbeit<br \/>S\u00f6ren Zimbal<br \/>Telefon: +49 40 4286-56214<br \/>E-Mail: <a href=\"https:\/\/www.presseportal.de\/blaulicht\/pm\/6337\/mailto: polizeipressestelle@polizei.hamburg.de\" class=\"uri-mailto\" target=\"_blank\" rel=\"noopener\"> polizeipressestelle@polizei.hamburg.de<\/a><br \/><a target=\"_blank\" class=\"uri-ext outbound\" rel=\"noopener\" href=\"https:\/\/www.polizei.hamburg\">www.polizei.hamburg<\/a><\/p>\n<p class=\"originator\">Original-Content von: Polizei Hamburg, \u00fcbermittelt durch news aktuell<\/p>\n","protected":false},"excerpt":{"rendered":"14.07.2025 \u2013 14:05 Polizei Hamburg Hamburg (ots) Zeit: 12.07.2025, ab 00:05 Uhr Ort: Hamburg-Schnelsen, Frohmestra\u00dfe In der Nacht&hellip;\n","protected":false},"author":2,"featured_media":108,"comment_status":"","ping_status":"","sticky":false,"template":"","format":"standard","meta":{"footnotes":""},"categories":[1826],"tags":[29,30,692,691,177,121,178,180,179,181],"class_list":{"0":"post-267508","1":"post","2":"type-post","3":"status-publish","4":"format-standard","5":"has-post-thumbnail","7":"category-hamburg","8":"tag-deutschland","9":"tag-germany","10":"tag-hamburg","11":"tag-hh","12":"tag-kriminalitt","13":"tag-polizei","14":"tag-presse","15":"tag-pressemeldung","16":"tag-pressemitteilung","17":"tag-pressemitteilungen"},"share_on_mastodon":{"url":"https:\/\/pubeurope.com\/@de\/114851654094363004","error":""},"_links":{"self":[{"href":"https:\/\/www.europesays.com\/de\/wp-json\/wp\/v2\/posts\/267508","targetHints":{"allow":["GET"]}}],"collection":[{"href":"https:\/\/www.europesays.com\/de\/wp-json\/wp\/v2\/posts"}],"about":[{"href":"https:\/\/www.europesays.com\/de\/wp-json\/wp\/v2\/types\/post"}],"author":[{"embeddable":true,"href":"https:\/\/www.europesays.com\/de\/wp-json\/wp\/v2\/users\/2"}],"replies":[{"embeddable":true,"href":"https:\/\/www.europesays.com\/de\/wp-json\/wp\/v2\/comments?post=267508"}],"version-history":[{"count":0,"href":"https:\/\/www.europesays.com\/de\/wp-json\/wp\/v2\/posts\/267508\/revisions"}],"wp:featuredmedia":[{"embeddable":true,"href":"https:\/\/www.europesays.com\/de\/wp-json\/wp\/v2\/media\/108"}],"wp:attachment":[{"href":"https:\/\/www.europesays.com\/de\/wp-json\/wp\/v2\/media?parent=267508"}],"wp:term":[{"taxonomy":"category","embeddable":true,"href":"https:\/\/www.europesays.com\/de\/wp-json\/wp\/v2\/categories?post=267508"},{"taxonomy":"post_tag","embeddable":true,"href":"https:\/\/www.europesays.com\/de\/wp-json\/wp\/v2\/tags?post=267508"}],"curies":[{"name":"wp","href":"https:\/\/api.w.org\/{rel}","templated":true}]}}