{"id":267509,"date":"2025-07-14T12:45:10","date_gmt":"2025-07-14T12:45:10","guid":{"rendered":"https:\/\/www.europesays.com\/de\/267509\/"},"modified":"2025-07-14T12:45:10","modified_gmt":"2025-07-14T12:45:10","slug":"berlin-brandenburg-polizei-pro-palaestina-camp-am-kanzleramt-soll-umziehen","status":"publish","type":"post","link":"https:\/\/www.europesays.com\/de\/267509\/","title":{"rendered":"Berlin &#038; Brandenburg: Polizei: Pro-Pal\u00e4stina-Camp am Kanzleramt soll umziehen"},"content":{"rendered":"<p>                    Berlin &amp; Brandenburg<br \/>\n                Polizei: Pro-Pal\u00e4stina-Camp am Kanzleramt soll umziehen<\/p>\n<p>\t\t\t\t              14.07.2025, 14:29 Uhr<\/p>\n<p><strong>Seit Wochen protestieren Aktivisten nahe dem Kanzleramt gegen den israelischen Milit\u00e4reinsatz im Gazastreifen. Damit soll Schluss sein. Doch ziehen die Demonstranten freiwillig um?<\/strong><\/p>\n<p>Berlin (dpa\/bb) &#8211; Ein propal\u00e4stinensisches Protestcamp am Kanzleramt soll nach dem Willen der Berliner Versammlungsbeh\u00f6rde umziehen. Den Veranstaltern seien zwei neue Orte als Ersatz angeboten worden, berichtete die Polizei. Sprecher Florian Nath sagte in einem Video auf X, insbesondere abends und nachts sei es in der Heinrich-von-Gagern-Stra\u00dfe zu L\u00e4rmbel\u00e4stigungen gekommen &#8211; und &#8222;zu Einwirkungen auch auf das Bundeskanzleramt und zu einer Beeintr\u00e4chtigung eines Denkmals&#8220;. Daher sei eine &#8222;beschr\u00e4nkende Verf\u00fcgung&#8220; ergangen.\u00a0<\/p>\n<p> Die Zug\u00e4nge zum Camp sind laut Polizei nun abgesperrt, um einen reibungslosen Abbau zu gew\u00e4hrleisten. Einlass wird nicht mehr gew\u00e4hrt, &#8222;zustr\u00f6mende Personen ohne Anspruch auf pers\u00f6nliche Utensilien im Camp werden abgewiesen&#8220;.<\/p>\n<p>Ob und wann die Dauerversammlung im Skulpturenpark umzieht, blieb zun\u00e4chst offen. &#8222;Die Diskussionen dazu laufen momentan&#8220;, sagte der Sprecher. Es sei weder unmittelbarer Zwang angewendet worden, noch irgendeiner Art und Weise ein gewaltt\u00e4tiger Verlauf zu prognostizieren.&#8220; Nach Medienberichten existiert das Camp seit rund vier Wochen.\u00a0<\/p>\n<p>&#8222;Ein uns\u00e4gliches Biotop f\u00fcr Antisemitismus&#8220;<\/p>\n<p>Der Landeschef der Gewerkschaft der Polizei, Stephan Weh, sagte, das Verwaltungsrecht lasse es gar nicht zu, dass Protestcamps an jeglichen Orten unbegrenzt verweilen k\u00f6nnen. &#8222;Das Angebot eines Ausweichortes liegt vor. Wenn dies von den Verantwortlichen nicht angenommen wird, muss die Polizei Berlin r\u00e4umen.&#8220; Er nannte es unertr\u00e4glich, dass direkt am Bundeskanzleramt &#8222;ein uns\u00e4gliches Biotop f\u00fcr Antisemitismus und Menschenhass vegetiert&#8220;.\u00a0<\/p>\n<p>Erst vergangene Woche hatte die Polizei nach einer Farbaktion am Kanzleramt zwei Menschen festgenommen. Die Aktivisten verteilten mit ihren H\u00e4nden blutrote Farbe auf der hellen Fassade des Regierungssitzes von Bundeskanzler Friedrich Merz (CDU), wie die Polizei und die aus der Klimaschutzgruppe Letzte Generation hervorgegangene Gruppe Neue Generation \u00fcbereinstimmend mitteilten. Nach Angaben der Neuen Generation handelte es sich um Unterst\u00fctzer von &#8222;Palestine Rising&#8220;, einer Tochterkampagne der Organisation.<\/p>\n","protected":false},"excerpt":{"rendered":"Berlin &amp; Brandenburg Polizei: Pro-Pal\u00e4stina-Camp am Kanzleramt soll umziehen 14.07.2025, 14:29 Uhr Seit Wochen protestieren Aktivisten nahe dem&hellip;\n","protected":false},"author":2,"featured_media":267510,"comment_status":"","ping_status":"","sticky":false,"template":"","format":"standard","meta":{"footnotes":""},"categories":[1816],"tags":[1960,1958,1959,1957,296,1956,1890,29,30,17402,121,80517],"class_list":{"0":"post-267509","1":"post","2":"type-post","3":"status-publish","4":"format-standard","5":"has-post-thumbnail","7":"category-brandenburg","8":"tag-aktuelle-nachrichten-aus-berlin-und-brandenburg","9":"tag-aktuelle-nachrichten-aus-brandenburg","10":"tag-aktuelle-news-aus-berlin-und-brandenburg","11":"tag-aktuelle-news-aus-brandenburg","12":"tag-berlin","13":"tag-berlin-und-brandenburg","14":"tag-brandenburg","15":"tag-deutschland","16":"tag-germany","17":"tag-kanzleramt","18":"tag-polizei","19":"tag-pro-palaestina-camp"},"share_on_mastodon":{"url":"https:\/\/pubeurope.com\/@de\/114851658244951946","error":""},"_links":{"self":[{"href":"https:\/\/www.europesays.com\/de\/wp-json\/wp\/v2\/posts\/267509","targetHints":{"allow":["GET"]}}],"collection":[{"href":"https:\/\/www.europesays.com\/de\/wp-json\/wp\/v2\/posts"}],"about":[{"href":"https:\/\/www.europesays.com\/de\/wp-json\/wp\/v2\/types\/post"}],"author":[{"embeddable":true,"href":"https:\/\/www.europesays.com\/de\/wp-json\/wp\/v2\/users\/2"}],"replies":[{"embeddable":true,"href":"https:\/\/www.europesays.com\/de\/wp-json\/wp\/v2\/comments?post=267509"}],"version-history":[{"count":0,"href":"https:\/\/www.europesays.com\/de\/wp-json\/wp\/v2\/posts\/267509\/revisions"}],"wp:featuredmedia":[{"embeddable":true,"href":"https:\/\/www.europesays.com\/de\/wp-json\/wp\/v2\/media\/267510"}],"wp:attachment":[{"href":"https:\/\/www.europesays.com\/de\/wp-json\/wp\/v2\/media?parent=267509"}],"wp:term":[{"taxonomy":"category","embeddable":true,"href":"https:\/\/www.europesays.com\/de\/wp-json\/wp\/v2\/categories?post=267509"},{"taxonomy":"post_tag","embeddable":true,"href":"https:\/\/www.europesays.com\/de\/wp-json\/wp\/v2\/tags?post=267509"}],"curies":[{"name":"wp","href":"https:\/\/api.w.org\/{rel}","templated":true}]}}