{"id":267521,"date":"2025-07-14T12:51:11","date_gmt":"2025-07-14T12:51:11","guid":{"rendered":"https:\/\/www.europesays.com\/de\/267521\/"},"modified":"2025-07-14T12:51:11","modified_gmt":"2025-07-14T12:51:11","slug":"katerina-jacob-schockiert-ueber-ekelhafte-maenner-anfragen-ist-ja-alles-resterampe","status":"publish","type":"post","link":"https:\/\/www.europesays.com\/de\/267521\/","title":{"rendered":"Katerina Jacob schockiert \u00fcber ekelhafte M\u00e4nner-Anfragen: \u201eIst ja alles Resterampe\u201c"},"content":{"rendered":"<ol class=\"id-DonaldBreadcrumb lp_west_breadcrumb id-DonaldBreadcrumb--default\" data-k5a-pos=\"west_breadcrumb\">\n<li class=\"id-Breadcrumb-item\"><a href=\"https:\/\/www.merkur.de\/\" class=\"id-Breadcrumb-link\" data-id-ec=\"{\" shn=\"\" textlink=\"\" data-k5a-pos=\"1_startseite\" rel=\"nofollow noopener\" target=\"_blank\">Startseite<\/a><\/li>\n<li class=\"id-Breadcrumb-item\"><a href=\"https:\/\/www.merkur.de\/boulevard\/\" class=\"id-Breadcrumb-link\" data-id-ec=\"{\" shn=\"\" textlink=\"\" tv=\"\" data-k5a-pos=\"2_starsTv\" rel=\"nofollow noopener\" target=\"_blank\">Stars &amp; TV<\/a><\/li>\n<\/ol>\n<p class=\"id-Story-timestamp id-Story-timestamp--default\">Stand: 14.07.2025, 14:12 Uhr<\/p>\n<p class=\"id-Story-interactionBar id-Story-interactionBar--default\">DruckenTeilen<\/p>\n<p class=\"id-StoryElement-leadText\">Mit dem Erfolg gehen auch Schattenseiten einher: Das muss Katerina Jacob nun erfahren. Auf Social Media meldet sie sich zu ekelhaften Anfragen zu Wort, die sie online erreichen.<\/p>\n<p class=\"id-StoryElement-paragraph\">M\u00fcnchen \u2013 Katerina Jacob (67) hat sich seit den 1970er Jahren eine beachtliche TV-Karriere erarbeitet. Doch der Erfolg hat auch negative Seiten. Als Person des \u00f6ffentlichen Lebens ist sie st\u00e4ndig den Meinungen Au\u00dfenstehender ausgesetzt. Aber nicht nur das: Per Social Media erreichen sie aktuell abscheuliche Nachrichten von M\u00e4nnern.<\/p>\n<p>So reagiert Katerina Jacob auf die \u00fcbergriffigen Anfragen<\/p>\n<p class=\"id-StoryElement-paragraph\">Die widerlichen Textnachrichten und Bilder l\u00e4sst sich die Schauspielerin aber nicht einfach gefallen. Auf Instagram rechnete sie mit den M\u00e4nnern ab, die ihr ungefragt intime Bilder und ekelhafte Anfragen senden. \u201eIch kriege in letzter Zeit erstaunlich viele Zuschriften von Herren mittleren Alters, bisschen dr\u00fcber noch, die mir Teile ihres K\u00f6rpers schicken, die ich absolut nicht sehen m\u00f6chte\u201c, erz\u00e4hlte sie ihren Followern. <\/p>\n<p>Schlager- und TV-Stars packen \u00fcber H\u00f6he ihrer Rente aus: Einer kriegt nur 41 Euro im Monat<img decoding=\"async\" class=\"id-RatioPlaceholder-element wv_story_el_interstitialImage\" src=\"https:\/\/www.europesays.com\/de\/wp-content\/uploads\/2025\/06\/37831274-rentenbescheid-3Mfe.jpg\" loading=\"lazy\"   height=\"2000\" width=\"3000\" alt=\"Rentenbescheid\"\/><a href=\"https:\/\/www.merkur.de\/boulevard\/nur-41-euro-schlager-und-tv-stars-packen-ueber-hoehe-ihrer-rente-aus-einer-kriegt-zr-93691337.html\" class=\"id-StoryElement-intestitialLink-link\" data-id-ec=\"{\" shn=\"\" ansehen=\"\" data-k5a-pos=\"west_story_12_photoGalleryLink\" title=\"Zur Fotostrecke: Schlager- und TV-Stars packen &#xFC;ber H&#xF6;he ihrer Rente aus: Einer kriegt nur 41 Euro im Monat\" rel=\"nofollow noopener\" target=\"_blank\">Fotostrecke ansehen<\/a><\/p>\n<p class=\"id-StoryElement-paragraph\">Dar\u00fcber wunderte sich Katerina Jacob, denn fr\u00fcher sei sie von solchen Zusendungen verschont geblieben. Trotz des ernsten Themas nimmt sie die Situation mit Humor. \u201eWenn wenigstens was dabei w\u00e4re, was man anschauen kann, aber das ist ja alles Resterampe\u201c, urteilte sie. Die betreffenden Personen habe sie schlichtweg blockiert. Einen Mann habe sie auf Facebook sogar melden m\u00fcssen.<\/p>\n<p>Katerina Jacobs Ehemann kann nur dar\u00fcber schmunzeln<\/p>\n<p class=\"id-StoryElement-paragraph\">Wie sie reagiere Ehemann Jochen Neumann auf derartige Nachrichten mit Humor. \u201eMein Mann lacht sich immer tot. Der sagt: \u201aSchau, du kannst noch eine Karriere machen im Alter\u2018\u201c, schilderte Katerina Jacob seinen Umgang damit. Doch unter dem Video wurde sie noch einmal ernst. \u201eNein, ich m\u00f6chte keine K\u00f6rperteile von falsch gesteuerten, Testosteron geschw\u00e4ngerten Kerlen morgens auf meinem Handy finden\u201c, stellte sie klar.<\/p>\n<p><img decoding=\"async\" class=\"id-RatioPlaceholder-element wv_story_el_image\" src=\"https:\/\/www.europesays.com\/de\/wp-content\/uploads\/2025\/07\/37081595-katerina-jacob-schauspielerin-zu-gast-in-der-ndr-talk-show-PRBG.jpg\" loading=\"lazy\"   height=\"733\" width=\"1100\" alt=\"Katerina Jacob, Schauspielerin, zu Gast in der &#x201E;NDR Talk Show&#x201C;.\"\/>Mit dem Erfolg gehen auch Schattenseiten einher: Das musste Katerina Jacob nun erfahren. Auf Social Media meldete sie sich zu ekelhaften Anfragen zu Wort, die sie online erreichen. \u00a9\u00a0Stephan Wallocha\/IMAGO<\/p>\n<p class=\"id-StoryElement-paragraph\">In den Kommentaren wunderten sich viele User \u00fcber das \u00fcbergriffige Verhalten der M\u00e4nner. \u201eWas stimmt mit denen nicht?\u201c, fragte eine Person. Andere lobten sie f\u00fcr ihren Humor. \u201eResterampe \u2013 cooler Spruch\u201c, kommentierte etwa eine Nutzerin. <a href=\"https:\/\/www.merkur.de\/boulevard\/koerper-macht-nicht-mehr-mit-zieht-sich-tv-star-katerina-jacob-aus-dem-schauspielgeschaeft-zurueck-93751158.html\" class=\"id-import-Link\" data-id-ec=\"{&quot;sht&quot;:&quot;Container&quot;,&quot;shn&quot;:&quot;Story&quot;,&quot;p&quot;:{&quot;containerType&quot;:&quot;Paragraph&quot;,&quot;displayType&quot;:&quot;Paragraph InlineLink&quot;,&quot;type&quot;:&quot;INLINE_LINK&quot;,&quot;value&quot;:&quot;Zieht Katerina Jacob sich &#xFC;brigens aus dem Schauspielgesch&#xE4;ft zur&#xFC;ck?&quot;,&quot;variant&quot;:&quot;standardLink&quot;,&quot;sponsored&quot;:false,&quot;linkHref&quot;:&quot;https:\/\/www.merkur.de\/boulevard\/koerper-macht-nicht-mehr-mit-zieht-sich-tv-star-katerina-jacob-aus-dem-schauspielgeschaeft-zurueck-93751158.html&quot;,&quot;storyElementPosition&quot;:19,&quot;storyElementCount&quot;:19}}\" rel=\"nofollow noopener\" target=\"_blank\">Zieht Katerina Jacob sich \u00fcbrigens aus dem Schauspielgesch\u00e4ft zur\u00fcck?<\/a> <strong>Verwendete Quellen: <\/strong>instagram.com\/katerina_jacob<\/p>\n<p><script async src=\"\/\/www.instagram.com\/embed.js\"><\/script><\/p>\n","protected":false},"excerpt":{"rendered":"Startseite Stars &amp; TV Stand: 14.07.2025, 14:12 Uhr DruckenTeilen Mit dem Erfolg gehen auch Schattenseiten einher: Das muss&hellip;\n","protected":false},"author":2,"featured_media":267522,"comment_status":"","ping_status":"","sticky":false,"template":"","format":"standard","meta":{"footnotes":""},"categories":[1776],"tags":[1801,29,214,30,1802,215],"class_list":{"0":"post-267521","1":"post","2":"type-post","3":"status-publish","4":"format-standard","5":"has-post-thumbnail","7":"category-prominente","8":"tag-celebrities","9":"tag-deutschland","10":"tag-entertainment","11":"tag-germany","12":"tag-prominente","13":"tag-unterhaltung"},"share_on_mastodon":{"url":"https:\/\/pubeurope.com\/@de\/114851681645442879","error":""},"_links":{"self":[{"href":"https:\/\/www.europesays.com\/de\/wp-json\/wp\/v2\/posts\/267521","targetHints":{"allow":["GET"]}}],"collection":[{"href":"https:\/\/www.europesays.com\/de\/wp-json\/wp\/v2\/posts"}],"about":[{"href":"https:\/\/www.europesays.com\/de\/wp-json\/wp\/v2\/types\/post"}],"author":[{"embeddable":true,"href":"https:\/\/www.europesays.com\/de\/wp-json\/wp\/v2\/users\/2"}],"replies":[{"embeddable":true,"href":"https:\/\/www.europesays.com\/de\/wp-json\/wp\/v2\/comments?post=267521"}],"version-history":[{"count":0,"href":"https:\/\/www.europesays.com\/de\/wp-json\/wp\/v2\/posts\/267521\/revisions"}],"wp:featuredmedia":[{"embeddable":true,"href":"https:\/\/www.europesays.com\/de\/wp-json\/wp\/v2\/media\/267522"}],"wp:attachment":[{"href":"https:\/\/www.europesays.com\/de\/wp-json\/wp\/v2\/media?parent=267521"}],"wp:term":[{"taxonomy":"category","embeddable":true,"href":"https:\/\/www.europesays.com\/de\/wp-json\/wp\/v2\/categories?post=267521"},{"taxonomy":"post_tag","embeddable":true,"href":"https:\/\/www.europesays.com\/de\/wp-json\/wp\/v2\/tags?post=267521"}],"curies":[{"name":"wp","href":"https:\/\/api.w.org\/{rel}","templated":true}]}}