{"id":267543,"date":"2025-07-14T13:05:13","date_gmt":"2025-07-14T13:05:13","guid":{"rendered":"https:\/\/www.europesays.com\/de\/267543\/"},"modified":"2025-07-14T13:05:13","modified_gmt":"2025-07-14T13:05:13","slug":"tennis-serena-williams-hat-sich-ziemlich-veraendert-sport","status":"publish","type":"post","link":"https:\/\/www.europesays.com\/de\/267543\/","title":{"rendered":"Tennis: Serena Williams hat sich ziemlich ver\u00e4ndert! | Sport"},"content":{"rendered":"<p><a href=\"https:\/\/www.bild.de\/sport\/leute\/serena-williams\/serena-williams-alle-infos-76679060.bild.html\" class=\"text-link\" target=\"_blank\" rel=\"noopener\"><b>Serena Williams <\/b><\/a><b>(43) zieht nach ihrer aktiven Karriere weiterhin alle Blicke auf sich.<\/b><\/p>\n<p>Die <a href=\"https:\/\/www.bild.de\/sport\/mehr-sport\/tennis\/home-23890462.bild.html\" class=\"text-link\" target=\"_blank\" rel=\"noopener\">Tennis<\/a>-Queen ist vor drei Jahren vom Grand-Slam-Parkett abgetreten, l\u00e4sst sich seitdem aber nicht h\u00e4ngen \u2013 ganz im Gegenteil. Mit neuen Fotos hat Williams f\u00fcr Aufmerksamkeit gesorgt.<\/p>\n<p>Lesen Sie auch<\/p>\n<p>Auf Instagram hat die 23-fache Grand-Slam-Siegerin im Einzel ein Foto aus dem Fitnessstudio gepostet.<\/p>\n<p><b>Dabei steht Williams im schwarzen Sport-BH und Leggings vor dem Spiegel. Der Blick f\u00e4llt schnell auf ihren durchtrainierten K\u00f6rper, vor allem das muskul\u00f6se Sixpack am Bauch sticht hervor. <\/b><\/p>\n<p>Dazu schreibt sie: \u201eTrainieren und an meinen Kamera-Posen arbeiten.\u201c<\/p>\n<p><img decoding=\"async\" width=\"992\" height=\"1178\" alt=\"Body-Update von Serena Williams (43): Die Tennis-Legende zeigt sich durchtrainiert\" src=\"https:\/\/www.europesays.com\/de\/wp-content\/uploads\/2025\/07\/717a89ea2a2f9868fa26bbbb2114eeca,6717f44f\"   class=\"portrait\" loading=\"lazy\"\/><\/p>\n<p class=\"fig__caption__text\">Body-Update von Serena Williams (43): Die Tennis-Legende zeigt sich durchtrainiert<\/p>\n<p>Foto: serenawilliams\/Instagram<\/p>\n<p><b>Williams wirkt auf den Fotos schlanker, die einst markanten Kurven sind sanfter geworden. Ihre Figur wirkt definierter und leichter. <\/b><\/p>\n<p>Nachdem Williams die Figur-Schnappsch\u00fcsse geteilt hat, wurde sie von anderen mit Lob \u00fcbersch\u00fcttet. TV-Pers\u00f6nlichkeit La La Anthony schreibt: \u201eImmer in Vorbereitung auf den Sommer.\u201c Supermodel Naomi Campbell kommentiert ein Feuer-Emoji. Dazu verteidigt ein User: \u201eWenn sie muskul\u00f6s ist, wird sie als Mann betitelt. Nimmt sie ab, hei\u00dft es, sie sei zu d\u00fcnn. Zum Gl\u00fcck muss sie nur einer Person gefallen \u2013 sich selbst.\u201c<\/p>\n<p>Tiktok-Tanz vor Wimbledon: Tennis-Queens schwingen die H\u00fcften<a href=\"https:\/\/www.bild.de\/sport\/mehr-sport\/tiktok-tanz-vor-wimbledon-tennis-queens-schwingen-die-hueften-6861279654352c1fc4b30c5d\" class=\"anchor\" target=\"_blank\" rel=\"noopener\"><img decoding=\"async\" width=\"992\" height=\"558\" alt=\"Vor Wimbledon: Sabalenka und Gauff begeistern mit Tanz auf TikTok\" src=\"https:\/\/www.europesays.com\/de\/wp-content\/uploads\/2025\/07\/cd939aa38d2f5ee584703ecbb547a693,d8069129\"   class=\"landscape teaser__image\" loading=\"lazy\"\/><\/a><\/p>\n<p>Quelle: instagram: @sabalenka30.06.2025<\/p>\n<p>Im August 2023 brachte die Tennis-Ikone ihr zweites Kind zur Welt. Seitdem teilt sie regelm\u00e4\u00dfig wie sie konsequent an ihrer Fitness arbeitet.<\/p>\n<p><b>Schon im vergangenen Jahr hatte sie verk\u00fcndet, Kilos purzeln zu lassen. Eines ihrer Fitness-Geheimnisse: K\u00e4ltetherapie. Vor wenigen Wochen ver\u00f6ffentlichte Williams eine Bildreihe von sich in der eiskalten Kammer, bei frostigen minus 110 Grad Fahrenheit (minus 79 Grad Celsius) war sie sichtlich am Zittern.<\/b><\/p>\n<p>W\u00e4hrend Serena den Tennis-Zirkus hinter sich gelassen hat, feiert ihre Schwester Venus (45) ihr Comeback auf der Tour. Nach 16 Monaten wird sie erstmals wieder bei einem Profi-Spiel aufschlagen und nimmt an den Washington Open teil.<\/p>\n","protected":false},"excerpt":{"rendered":"Serena Williams (43) zieht nach ihrer aktiven Karriere weiterhin alle Blicke auf sich. Die Tennis-Queen ist vor drei&hellip;\n","protected":false},"author":2,"featured_media":267544,"comment_status":"","ping_status":"","sticky":false,"template":"","format":"standard","meta":{"footnotes":""},"categories":[5],"tags":[1263,80520,3890,13,14,15,12,1576,4206,10331,45,10,8,9,11,64177,80519,80521],"class_list":{"0":"post-267543","1":"post","2":"type-post","3":"status-publish","4":"format-standard","5":"has-post-thumbnail","7":"category-nachrichten","8":"tag-aufmacher-bereich","9":"tag-australian-open","10":"tag-graubrot","11":"tag-headlines","12":"tag-nachrichten","13":"tag-news","14":"tag-schlagzeilen","15":"tag-super-a-teaser","16":"tag-tennis","17":"tag-tennis-einzel","18":"tag-texttospeech","19":"tag-top-news","20":"tag-top-meldungen","21":"tag-topmeldungen","22":"tag-topnews","23":"tag-us-open","24":"tag-williams-serena","25":"tag-williams-venus"},"share_on_mastodon":{"url":"https:\/\/pubeurope.com\/@de\/114851736704377278","error":""},"_links":{"self":[{"href":"https:\/\/www.europesays.com\/de\/wp-json\/wp\/v2\/posts\/267543","targetHints":{"allow":["GET"]}}],"collection":[{"href":"https:\/\/www.europesays.com\/de\/wp-json\/wp\/v2\/posts"}],"about":[{"href":"https:\/\/www.europesays.com\/de\/wp-json\/wp\/v2\/types\/post"}],"author":[{"embeddable":true,"href":"https:\/\/www.europesays.com\/de\/wp-json\/wp\/v2\/users\/2"}],"replies":[{"embeddable":true,"href":"https:\/\/www.europesays.com\/de\/wp-json\/wp\/v2\/comments?post=267543"}],"version-history":[{"count":0,"href":"https:\/\/www.europesays.com\/de\/wp-json\/wp\/v2\/posts\/267543\/revisions"}],"wp:featuredmedia":[{"embeddable":true,"href":"https:\/\/www.europesays.com\/de\/wp-json\/wp\/v2\/media\/267544"}],"wp:attachment":[{"href":"https:\/\/www.europesays.com\/de\/wp-json\/wp\/v2\/media?parent=267543"}],"wp:term":[{"taxonomy":"category","embeddable":true,"href":"https:\/\/www.europesays.com\/de\/wp-json\/wp\/v2\/categories?post=267543"},{"taxonomy":"post_tag","embeddable":true,"href":"https:\/\/www.europesays.com\/de\/wp-json\/wp\/v2\/tags?post=267543"}],"curies":[{"name":"wp","href":"https:\/\/api.w.org\/{rel}","templated":true}]}}