{"id":267551,"date":"2025-07-14T13:09:11","date_gmt":"2025-07-14T13:09:11","guid":{"rendered":"https:\/\/www.europesays.com\/de\/267551\/"},"modified":"2025-07-14T13:09:11","modified_gmt":"2025-07-14T13:09:11","slug":"augustusburger-sind-mit-ihrem-balkantaxi-auf-einer-schlagloch-rallye-unterwegs-und-durchqueren-dabei-ein-dutzend-laender","status":"publish","type":"post","link":"https:\/\/www.europesays.com\/de\/267551\/","title":{"rendered":"Augustusburger sind mit ihrem &#8222;Balkantaxi&#8220; auf einer Schlagloch-Rallye unterwegs und durchqueren dabei ein Dutzend L\u00e4nder."},"content":{"rendered":"<p class=\"bold\">\n\t\t\t\t\t\t\t\t\t\tZwei Autobegeisterte Freunde aus Augustusburg und Gr\u00fcnberg sind mit einem alten Taxi unterwegs durch zw\u00f6lf L\u00e4nder. Sie nehmen an einer besonderen Rallye teil.\t\t\t\t<\/p>\n<p>\t\t\t\t Roberto Gataz aus Augustusburg und Marcel Langer aus Gr\u00fcnberg haben einen lang gehegten Plan in die Tat umgesetzt: Mit einem Mercedes E-Klasse, T-Modell, 220 cdi, den sie gekauft und auf Vordermann gebracht hatten, sind sie vor wenigen Tagen aufgebrochen, um an der Pothole Rodeo, der gr\u00f6\u00dften Low Budget Rallye Europas, teilzunehmen. Die&#8230;<\/p>\n<p>\t\t<img decoding=\"async\" class=\"fp-plus-logo\" src=\"https:\/\/www.freiepresse.de\/img\/fpplus.svg\" alt=\"Freie Presse plus Logo\"\/><\/p>\n<p>Registrieren und testen.<\/p>\n<p>Jetzt mit Ihrer Registrierung 1 Monat gratis testen und alle Beitr\u00e4ge lesen.<\/p>\n<p>Schon Abonnent? Melden Sie sich mit ihren Zugangsdaten an.<\/p>\n","protected":false},"excerpt":{"rendered":"Zwei Autobegeisterte Freunde aus Augustusburg und Gr\u00fcnberg sind mit einem alten Taxi unterwegs durch zw\u00f6lf L\u00e4nder. Sie nehmen&hellip;\n","protected":false},"author":2,"featured_media":267552,"comment_status":"","ping_status":"","sticky":false,"template":"","format":"standard","meta":{"footnotes":""},"categories":[1851],"tags":[2770,3364,29,548,663,3934,30,13,14,15,859,12,3866],"class_list":{"0":"post-267551","1":"post","2":"type-post","3":"status-publish","4":"format-standard","5":"has-post-thumbnail","7":"category-chemnitz","8":"tag-chemnitz","9":"tag-de","10":"tag-deutschland","11":"tag-eu","12":"tag-europa","13":"tag-europe","14":"tag-germany","15":"tag-headlines","16":"tag-nachrichten","17":"tag-news","18":"tag-sachsen","19":"tag-schlagzeilen","20":"tag-veranstaltungen"},"share_on_mastodon":{"url":"https:\/\/pubeurope.com\/@de\/114851752429287330","error":""},"_links":{"self":[{"href":"https:\/\/www.europesays.com\/de\/wp-json\/wp\/v2\/posts\/267551","targetHints":{"allow":["GET"]}}],"collection":[{"href":"https:\/\/www.europesays.com\/de\/wp-json\/wp\/v2\/posts"}],"about":[{"href":"https:\/\/www.europesays.com\/de\/wp-json\/wp\/v2\/types\/post"}],"author":[{"embeddable":true,"href":"https:\/\/www.europesays.com\/de\/wp-json\/wp\/v2\/users\/2"}],"replies":[{"embeddable":true,"href":"https:\/\/www.europesays.com\/de\/wp-json\/wp\/v2\/comments?post=267551"}],"version-history":[{"count":0,"href":"https:\/\/www.europesays.com\/de\/wp-json\/wp\/v2\/posts\/267551\/revisions"}],"wp:featuredmedia":[{"embeddable":true,"href":"https:\/\/www.europesays.com\/de\/wp-json\/wp\/v2\/media\/267552"}],"wp:attachment":[{"href":"https:\/\/www.europesays.com\/de\/wp-json\/wp\/v2\/media?parent=267551"}],"wp:term":[{"taxonomy":"category","embeddable":true,"href":"https:\/\/www.europesays.com\/de\/wp-json\/wp\/v2\/categories?post=267551"},{"taxonomy":"post_tag","embeddable":true,"href":"https:\/\/www.europesays.com\/de\/wp-json\/wp\/v2\/tags?post=267551"}],"curies":[{"name":"wp","href":"https:\/\/api.w.org\/{rel}","templated":true}]}}