{"id":267655,"date":"2025-07-14T14:07:09","date_gmt":"2025-07-14T14:07:09","guid":{"rendered":"https:\/\/www.europesays.com\/de\/267655\/"},"modified":"2025-07-14T14:07:09","modified_gmt":"2025-07-14T14:07:09","slug":"berlin-brandenburg-infrastruktur-topf-fuer-laender-kommunen-wollen-80-prozent","status":"publish","type":"post","link":"https:\/\/www.europesays.com\/de\/267655\/","title":{"rendered":"Berlin &#038; Brandenburg: Infrastruktur-Topf f\u00fcr L\u00e4nder: Kommunen wollen 80 Prozent"},"content":{"rendered":"<p>                    Berlin &amp; Brandenburg<br \/>\n                Infrastruktur-Topf f\u00fcr L\u00e4nder: Kommunen wollen 80 Prozent<\/p>\n<p>\t\t\t\t              14.07.2025, 16:03 Uhr<\/p>\n<p><strong>Ein Milliarden-Sondertopf f\u00fcr Infrastruktur soll auch den L\u00e4ndern zugutekommen. Doch wer bekommt wie viel Geld? Die Kommunen wollen einen Riesen-Batzen &#8211; etwa f\u00fcr Schulen und Stra\u00dfen.<\/strong><\/p>\n<p>Brandenburg\/Havel (dpa\/bb) &#8211; Marode Schulen und kaputte Br\u00fccken: Brandenburgs Kommunen wollen einen Gro\u00dfteil des Landesanteils aus dem Sonderverm\u00f6gen des Bundes f\u00fcr zus\u00e4tzliche Investitionen in Infrastruktur bekommen. 80 Prozent der Mittel sollten laut St\u00e4dte- und Gemeindebund f\u00fcr die Kommunen zur Verf\u00fcgung gestellt werden. Das sagte der Verbandes-Gesch\u00e4ftsf\u00fchrer Jens Graf in Brandenburg an der Havel. Es gebe einen hohen Investitionsbedarf bei Schulen, Sportanlagen, Stra\u00dfen, Br\u00fccken und bei der Digitalisierung.<\/p>\n<p>Das Sonderinvestitionsprogramm f\u00fcr Infrastruktur umfasst 500 Milliarden Euro f\u00fcr zehn Jahre, davon sollen die L\u00e4nder 100 Milliarden Euro bekommen. F\u00fcr Brandenburg sind das voraussichtlich etwa 340 Millionen Euro pro Jahr.<\/p>\n<p>Kommunen dr\u00e4ngen auf Investitionsspielraum<\/p>\n<p>&#8222;Ein Gro\u00dfteil w\u00e4re gut auf kommunaler Ebene aufgehoben&#8220;, sagte der Oberb\u00fcrgermeister von Brandenburg an der Havel, Steffen Scheller (CDU). Verhandlungen mit der Landesregierung \u00fcber die konkrete Ausgestaltung laufen bislang jedoch nicht.<\/p>\n<p>Verb\u00e4nde bef\u00fcrchten, dass der gr\u00f6\u00dfte Teil der Mittel nicht bei den St\u00e4dten und Gemeinden ankommt \u2013 dort, wo sie aus ihrer Sicht am dringendsten gebraucht werden. Der Referentenentwurf des Bundesfinanzministeriums Anfang Juni sah vor, dass mindestens 60 Prozent der Gelder f\u00fcr die L\u00e4nder an die Kommunen geht. Diese Quote taucht aber in dem vom Kabinett beschlossenen Entwurf nicht mehr auf. Kritik daran kam vom Deutschen Landkreistag.<\/p>\n","protected":false},"excerpt":{"rendered":"Berlin &amp; Brandenburg Infrastruktur-Topf f\u00fcr L\u00e4nder: Kommunen wollen 80 Prozent 14.07.2025, 16:03 Uhr Ein Milliarden-Sondertopf f\u00fcr Infrastruktur soll&hellip;\n","protected":false},"author":2,"featured_media":267656,"comment_status":"","ping_status":"","sticky":false,"template":"","format":"standard","meta":{"footnotes":""},"categories":[1816],"tags":[1960,1958,1959,1957,296,1956,1890,29,30,80529,1236,20429,22861],"class_list":{"0":"post-267655","1":"post","2":"type-post","3":"status-publish","4":"format-standard","5":"has-post-thumbnail","7":"category-brandenburg","8":"tag-aktuelle-nachrichten-aus-berlin-und-brandenburg","9":"tag-aktuelle-nachrichten-aus-brandenburg","10":"tag-aktuelle-news-aus-berlin-und-brandenburg","11":"tag-aktuelle-news-aus-brandenburg","12":"tag-berlin","13":"tag-berlin-und-brandenburg","14":"tag-brandenburg","15":"tag-deutschland","16":"tag-germany","17":"tag-infrastruktur-topf","18":"tag-kommunen","19":"tag-laender","20":"tag-prozent"},"share_on_mastodon":{"url":"https:\/\/pubeurope.com\/@de\/114851980484856772","error":""},"_links":{"self":[{"href":"https:\/\/www.europesays.com\/de\/wp-json\/wp\/v2\/posts\/267655","targetHints":{"allow":["GET"]}}],"collection":[{"href":"https:\/\/www.europesays.com\/de\/wp-json\/wp\/v2\/posts"}],"about":[{"href":"https:\/\/www.europesays.com\/de\/wp-json\/wp\/v2\/types\/post"}],"author":[{"embeddable":true,"href":"https:\/\/www.europesays.com\/de\/wp-json\/wp\/v2\/users\/2"}],"replies":[{"embeddable":true,"href":"https:\/\/www.europesays.com\/de\/wp-json\/wp\/v2\/comments?post=267655"}],"version-history":[{"count":0,"href":"https:\/\/www.europesays.com\/de\/wp-json\/wp\/v2\/posts\/267655\/revisions"}],"wp:featuredmedia":[{"embeddable":true,"href":"https:\/\/www.europesays.com\/de\/wp-json\/wp\/v2\/media\/267656"}],"wp:attachment":[{"href":"https:\/\/www.europesays.com\/de\/wp-json\/wp\/v2\/media?parent=267655"}],"wp:term":[{"taxonomy":"category","embeddable":true,"href":"https:\/\/www.europesays.com\/de\/wp-json\/wp\/v2\/categories?post=267655"},{"taxonomy":"post_tag","embeddable":true,"href":"https:\/\/www.europesays.com\/de\/wp-json\/wp\/v2\/tags?post=267655"}],"curies":[{"name":"wp","href":"https:\/\/api.w.org\/{rel}","templated":true}]}}