{"id":267726,"date":"2025-07-14T14:46:11","date_gmt":"2025-07-14T14:46:11","guid":{"rendered":"https:\/\/www.europesays.com\/de\/267726\/"},"modified":"2025-07-14T14:46:11","modified_gmt":"2025-07-14T14:46:11","slug":"neuer-kinder-und-wasserspielplatz-im-stadtpark-bochum-eroeffnet","status":"publish","type":"post","link":"https:\/\/www.europesays.com\/de\/267726\/","title":{"rendered":"Neuer Kinder- und Wasserspielplatz im Stadtpark Bochum er\u00f6ffnet"},"content":{"rendered":"<p>Neuer Spielplatz im Stadtpark Bochum<\/p>\n<p>Der Bochumer Stadtpark, der 2026 sein 150-j\u00e4hriges Jubil\u00e4um feiert, hat einen neuen Kinder- und Wasserspielplatz. Oberb\u00fcrgermeister Thomas Eiskirch gab am 14. Juli 2025 den neugestalteten Bereich frei und lobte die Attraktivit\u00e4t des Spielplatzes f\u00fcr Kinder, Eltern und Gro\u00dfeltern. Auf 5.500 Quadratmetern wurde ein inklusiver Erlebnisraum geschaffen, der Spiel, Bewegung und Begegnung erm\u00f6glicht.<\/p>\n<p><a href=\"https:\/\/www.radiobochum.de\/externalimages\/?source=jpg774\/019---stadtpark-spielplatz-eroffnung---14-07-2025.jpg&amp;dt=202507141640060&amp;resize=1280x960\" data-caption=\"\" itemprop=\"contentUrl\" data-size=\"1280x960\" rel=\"nofollow noopener\" target=\"_blank\"><img decoding=\"async\" alt=\"\" src=\"https:\/\/www.europesays.com\/de\/wp-content\/uploads\/2025\/07\/019---stadtpark-spielplatz-eroffnung---14-07-2025.jpg&#038;crop=0x200x3200x2000&#038;resize=1280x800&#038;dt=202507.jpeg\" data-size=\"1280x800\"\/><\/a>\u00a9 Stadt Bochum\u00a9 Stadt BochumViele neue Attraktionen <\/p>\n<p>Zu den Highlights z\u00e4hlen ein Seilzirkus mit Riesenrutsche, eine breite Hangrutsche, eine Dreifach-Schaukel mit \u201eVogelnest\u201c sowie Bodentrampoline und Wipptiere. Klassiker wie das Kinderplanetarium, die Seilbahn und die Wasserspielanlage wurden integriert und durch neue Elemente erg\u00e4nzt. Besonders beeindruckend ist der 750 Quadratmeter gro\u00dfe Wasserspielplatz mit sprudelnden Font\u00e4nen und Nebelfeldern, die an hei\u00dfen Tagen f\u00fcr Abk\u00fchlung sorgen. Nachhaltig geplant, flie\u00dft das Wasser in den Gondelteich und sorgt dort f\u00fcr Frischwasserzufuhr.<\/p>\n<p>Barrierefreiheit und Ausstattung<\/p>\n<p>Besonderer Wert wurde auf Barrierefreiheit gelegt: Ein Rollstuhlkarussell, ein Rollstuhltrampolin und ein Sandspieltisch erm\u00f6glichen Kindern im Rollstuhl die Teilnahme am Spiel. Neue Sitzgelegenheiten, Picknickm\u00f6glichkeiten und eine barrierefreie WC-Anlage erg\u00e4nzen das Angebot. Die Kosten f\u00fcr den Spielplatz belaufen sich auf 1,7 Millionen Euro, die WC-Anlage kostete 412.000 Euro.<\/p>\n<p>Vorschl\u00e4ge<\/p>\n","protected":false},"excerpt":{"rendered":"Neuer Spielplatz im Stadtpark Bochum Der Bochumer Stadtpark, der 2026 sein 150-j\u00e4hriges Jubil\u00e4um feiert, hat einen neuen Kinder-&hellip;\n","protected":false},"author":2,"featured_media":267727,"comment_status":"","ping_status":"","sticky":false,"template":"","format":"standard","meta":{"footnotes":""},"categories":[1839],"tags":[7507,3364,29,30,1209,3445],"class_list":{"0":"post-267726","1":"post","2":"type-post","3":"status-publish","4":"format-standard","5":"has-post-thumbnail","7":"category-bochum","8":"tag-bochum","9":"tag-de","10":"tag-deutschland","11":"tag-germany","12":"tag-nordrhein-westfalen","13":"tag-spielplatz"},"share_on_mastodon":{"url":"https:\/\/pubeurope.com\/@de\/114852133930902058","error":""},"_links":{"self":[{"href":"https:\/\/www.europesays.com\/de\/wp-json\/wp\/v2\/posts\/267726","targetHints":{"allow":["GET"]}}],"collection":[{"href":"https:\/\/www.europesays.com\/de\/wp-json\/wp\/v2\/posts"}],"about":[{"href":"https:\/\/www.europesays.com\/de\/wp-json\/wp\/v2\/types\/post"}],"author":[{"embeddable":true,"href":"https:\/\/www.europesays.com\/de\/wp-json\/wp\/v2\/users\/2"}],"replies":[{"embeddable":true,"href":"https:\/\/www.europesays.com\/de\/wp-json\/wp\/v2\/comments?post=267726"}],"version-history":[{"count":0,"href":"https:\/\/www.europesays.com\/de\/wp-json\/wp\/v2\/posts\/267726\/revisions"}],"wp:featuredmedia":[{"embeddable":true,"href":"https:\/\/www.europesays.com\/de\/wp-json\/wp\/v2\/media\/267727"}],"wp:attachment":[{"href":"https:\/\/www.europesays.com\/de\/wp-json\/wp\/v2\/media?parent=267726"}],"wp:term":[{"taxonomy":"category","embeddable":true,"href":"https:\/\/www.europesays.com\/de\/wp-json\/wp\/v2\/categories?post=267726"},{"taxonomy":"post_tag","embeddable":true,"href":"https:\/\/www.europesays.com\/de\/wp-json\/wp\/v2\/tags?post=267726"}],"curies":[{"name":"wp","href":"https:\/\/api.w.org\/{rel}","templated":true}]}}