{"id":267811,"date":"2025-07-14T15:30:12","date_gmt":"2025-07-14T15:30:12","guid":{"rendered":"https:\/\/www.europesays.com\/de\/267811\/"},"modified":"2025-07-14T15:30:12","modified_gmt":"2025-07-14T15:30:12","slug":"rave-the-planet-13-menschen-bei-techno-parade-in-berlin-lebensgefaehrlich-verletzt-2","status":"publish","type":"post","link":"https:\/\/www.europesays.com\/de\/267811\/","title":{"rendered":"\u201eRave the Planet\u201c: 13 Menschen bei Techno-Parade in Berlin lebensgef\u00e4hrlich verletzt"},"content":{"rendered":"<p>Tausende Menschen feierten in Berlin bei der Techno-Parade \u201eRave the Planet\u201c. F\u00fcr 13 Besucher endete das Festival im Krankenhaus \u2013 mit lebensbedrohlichen Vergiftungen. Die Ursache sind offenbar Drogen.<\/p>\n<p class=\"is-first-paragraph\" data-external=\"Article.FirstParagraph\">Bei der Techno-Parade \u201eRave The Planet\u201c am Wochenende in <a class=\"is-link c-block-items__link c-link--rich-text-renderer\" href=\"https:\/\/www.welt.de\/themen\/berlin-politik\/\" data-internal-tracking-enabled=\"true\" data-internal-tracking=\"{&quot;action&quot;:&quot;click&quot;,&quot;label&quot;:&quot;link&quot;,&quot;name&quot;:&quot;Inline Element&quot;,&quot;data&quot;:{&quot;source&quot;:&quot;&quot;,&quot;target&quot;:&quot;https:\/\/www.welt.de\/themen\/berlin-politik\/&quot;,&quot;trackingName&quot;:&quot;&quot;,&quot;trackingLabel&quot;:&quot;&quot;}}\" rel=\"nofollow noopener\" target=\"_blank\">Berlin<\/a> sind 13 Menschen mit lebensbedrohlichen Verletzungen ins Krankenhaus gebracht worden. 27 weitere wurden schwer verletzt, wie die Berliner Feuerwehr mitteilte. Hauptursache seien Intoxikationen gewesen, sagte Sprecher Dominik Pretz der Nachrichtenagentur dpa. <\/p>\n<p>Um welche Drogen es sich handelte, sei schwer nachvollziehbar, so der Sprecher. Auch Informationen dar\u00fcber, wie es den Betroffenen gehe, l\u00e4gen der Feuerwehr nicht vor. Insgesamt wurden demnach 69 Personen in Krankenh\u00e4user gebracht. Helfer vor Ort mussten 392 Mal Hilfe leisten.<\/p>\n<p>Alkohol und Drogen sorgten f\u00fcr Rettungseins\u00e4tze<\/p>\n<p>Die Veranstalter teilten mit, ein Gro\u00dfteil der Eins\u00e4tze seien auf die Folgen von <a class=\"is-link c-block-items__link c-link--rich-text-renderer\" href=\"https:\/\/www.welt.de\/politik\/deutschland\/plus256230978\/Hendrik-Streeck-Wir-haben-ein-Alkohol-und-Tabakproblem-in-Deutschland-Und-darueber-muessen-wir-reden.html\" data-internal-tracking-enabled=\"true\" data-internal-tracking=\"{&quot;action&quot;:&quot;click&quot;,&quot;label&quot;:&quot;link&quot;,&quot;name&quot;:&quot;Inline Element&quot;,&quot;data&quot;:{&quot;source&quot;:&quot;&quot;,&quot;target&quot;:&quot;https:\/\/www.welt.de\/politik\/deutschland\/plus256230978\/Hendrik-Streeck-Wir-haben-ein-Alkohol-und-Tabakproblem-in-Deutschland-Und-darueber-muessen-wir-reden.html&quot;,&quot;trackingName&quot;:&quot;&quot;,&quot;trackingLabel&quot;:&quot;&quot;}}\" rel=\"nofollow noopener\" target=\"_blank\">Alkohol- und Drogenkonsum<\/a> zur\u00fcckzuf\u00fchren \u2013 darunter Krampfanf\u00e4lle, Erbrechen und vereinzelte Bewusstlosigkeit. \u201eIn einigen F\u00e4llen f\u00fchrten exzessive Substanzwirkungen zu tempor\u00e4r kritischen Zust\u00e4nden, bewegten sich jedoch im bekannten Rahmen vergleichbarer Gro\u00dfveranstaltungen\u201c, hie\u00df es in einer Mitteilung. Anders als im Vorjahr seien keine schweren Verletzungen infolge von St\u00fcrzen oder Gewalt registriert worden, hie\u00df es.<\/p>\n<p>Hinter \u201eRave The Planet\u201c steht unter anderem Loveparade-Gr\u00fcnder Dr. Motte, mit b\u00fcrgerlichem Namen Matthias Roeingh. Rund 200.000 Menschen aller Generationen waren nach Veranstalterangaben am Samstag bei dem Techno-Spektakel auf der Stra\u00dfe des 17. Juni zwischen Brandenburger Tor und Siegess\u00e4ule. Die Polizei z\u00e4hlte gut 100.000 Menschen \u00fcber den Tag verteilt. Die Beh\u00f6rde sprach trotz der Eins\u00e4tze von einer \u201est\u00f6rungsarmen und friedlichen\u201c Veranstaltung.<\/p>\n<p>Die Party-Demo wollte f\u00fcr Frieden, Liebe und f\u00fcr den Schutz der elektronischen Tanzmusikkultur einstehen sowie ein Zeichen gegen Hass und Spaltung setzen. \u201eUnsere Kultur ist nicht nur laut, sie ist auch nachhaltig, inklusiv und verbindend\u201c, erkl\u00e4rte Dr. Motte.<\/p>\n<p>dpa\/lay<\/p>\n","protected":false},"excerpt":{"rendered":"Tausende Menschen feierten in Berlin bei der Techno-Parade \u201eRave the Planet\u201c. F\u00fcr 13 Besucher endete das Festival im&hellip;\n","protected":false},"author":2,"featured_media":267812,"comment_status":"","ping_status":"","sticky":false,"template":"","format":"standard","meta":{"footnotes":""},"categories":[1825],"tags":[296,29,30,1724,810,110,13206],"class_list":{"0":"post-267811","1":"post","2":"type-post","3":"status-publish","4":"format-standard","5":"has-post-thumbnail","7":"category-berlin","8":"tag-berlin","9":"tag-deutschland","10":"tag-germany","11":"tag-gesellschaft","12":"tag-musik","13":"tag-newsteam","14":"tag-techno"},"share_on_mastodon":{"url":"https:\/\/pubeurope.com\/@de\/114852306863776826","error":""},"_links":{"self":[{"href":"https:\/\/www.europesays.com\/de\/wp-json\/wp\/v2\/posts\/267811","targetHints":{"allow":["GET"]}}],"collection":[{"href":"https:\/\/www.europesays.com\/de\/wp-json\/wp\/v2\/posts"}],"about":[{"href":"https:\/\/www.europesays.com\/de\/wp-json\/wp\/v2\/types\/post"}],"author":[{"embeddable":true,"href":"https:\/\/www.europesays.com\/de\/wp-json\/wp\/v2\/users\/2"}],"replies":[{"embeddable":true,"href":"https:\/\/www.europesays.com\/de\/wp-json\/wp\/v2\/comments?post=267811"}],"version-history":[{"count":0,"href":"https:\/\/www.europesays.com\/de\/wp-json\/wp\/v2\/posts\/267811\/revisions"}],"wp:featuredmedia":[{"embeddable":true,"href":"https:\/\/www.europesays.com\/de\/wp-json\/wp\/v2\/media\/267812"}],"wp:attachment":[{"href":"https:\/\/www.europesays.com\/de\/wp-json\/wp\/v2\/media?parent=267811"}],"wp:term":[{"taxonomy":"category","embeddable":true,"href":"https:\/\/www.europesays.com\/de\/wp-json\/wp\/v2\/categories?post=267811"},{"taxonomy":"post_tag","embeddable":true,"href":"https:\/\/www.europesays.com\/de\/wp-json\/wp\/v2\/tags?post=267811"}],"curies":[{"name":"wp","href":"https:\/\/api.w.org\/{rel}","templated":true}]}}