{"id":267831,"date":"2025-07-14T15:42:08","date_gmt":"2025-07-14T15:42:08","guid":{"rendered":"https:\/\/www.europesays.com\/de\/267831\/"},"modified":"2025-07-14T15:42:08","modified_gmt":"2025-07-14T15:42:08","slug":"muenchen-um-15-45-uhr-fuhr-jimi-blue-in-stadelheim-knast-ein-bild","status":"publish","type":"post","link":"https:\/\/www.europesays.com\/de\/267831\/","title":{"rendered":"M\u00fcnchen: Um 15.45 Uhr fuhr Jimi Blue in Stadelheim-Knast ein &#8211; BILD"},"content":{"rendered":"<ol>\n<li><a href=\"https:\/\/news.google.com\/rss\/articles\/CBMiwAFBVV95cUxPZmpNSWN1dG5HdHBCR3J1U3pINTRnYk1LbXpJWUFtWFE3MXVJTVdydk51bmRBWk1WYUF3c3VUVEZNVEhxdFVTenpuZk1pc1FKRWIzOFZHNENuSzBuZF9VVXA4aHNoMWVBMmEtdmNoeThoWlROR1NsQ0w1cXhvVDJnMThZOHZ5S01RckhvQlBjLVc0eWV4Q3pPUHJqaG9reXo0cWhiX250cDZMZ0lITTMtWE9ENjA0M1FVVkZnX2ctdDY?oc=5\" target=\"_blank\" rel=\"nofollow noopener\">M\u00fcnchen: Um 15.45 Uhr fuhr Jimi Blue in Stadelheim-Knast ein<\/a>&nbsp;&nbsp;BILD<\/li>\n<li><a href=\"https:\/\/news.google.com\/rss\/articles\/CBMiqwFBVV95cUxOVTFwS1pZS3V4ZE9MeTkzRGZhV3lfYjVWSFlvbUV1cUhSWVlTNmJzVGpMc1o1MmFEYnppX0hEckhVeWxsQ3RWR2toREFwa2loeDVhSEhXeXc4SnZvMUF1TUNxRlJXNnU0MHJORUxIS3NNeFU4NFpPVHBkYS1YOXBOakZoU1JIc3Y0eEFQTkRLOGFBWXRaOU04bWlqYkdnYWQzQkNNQ0x4NVhJS2c?oc=5\" target=\"_blank\" rel=\"nofollow noopener\">Neuer \u00c4rger f\u00fcr Schauspieler: Jimi Blue Ochsenknecht soll auch Grazer Wirte geprellt haben<\/a>&nbsp;&nbsp;Ntv<\/li>\n<li><a href=\"https:\/\/news.google.com\/rss\/articles\/CBMisAFBVV95cUxPUl9pVkV1ai05NmdJZElSNlZSSTJwYUxXNmZ4cTVscldsSkdoay1LdExyM1JJQU1fR0FIUHJrT1l5Q3BWbDV2U0tTckF4M01SMGdfelNmd185SjNVUHdBaHY2TzcyYnVzUmh4RWRISG5TZ2VWT1RDRmNPMkVpQ0NUZ1lrd1VYYTRoRVk4bUNwRW8yLTZ5N0tObXVoNDQ3Z0pRQm5KX0E3UFFZWWVDeTVPTQ?oc=5\" target=\"_blank\" rel=\"nofollow noopener\">Jimi Blue Ochsenknecht: Weitere Schulden in Restaurants?<\/a>&nbsp;&nbsp;Berliner Morgenpost<\/li>\n<li><a href=\"https:\/\/news.google.com\/rss\/articles\/CBMiigFBVV95cUxPeDh3alhCeWFVakF4blNsVm5TaDdFdDRsaW90Tk8wdTlNVVU4bkV4djRDVWEwWFBXNzM5Yjd5R05kMHVHcG9MZnpVbGQ1RF9YbXJTYUdqLTd1VkdUWDVLZkxSVEktNHloam9SdnhxMXB1bkg2VlJ2S192SEVyQU5XUVdQMXVvWlJDSEE?oc=5\" target=\"_blank\" rel=\"nofollow noopener\">Yeliz Koc will ihr Geld wieder zur\u00fcck: &#8222;F\u00fcr unsere Tochter getan&#8220;<\/a>&nbsp;&nbsp;WEB.DE<\/li>\n<li><a href=\"https:\/\/news.google.com\/rss\/articles\/CBMivgFBVV95cUxOQXJtcE9vay1sUFZyV3BoX1VIeXNKNjM1bVE3TzlaN2I5aDdENlZnQzVUMndZR2VlV3NpS0lxVG5aOVpBbWJPdlRlVGgzTUk2bDd5S0laZkd6RDRFNTh6dzV1VmJMejd6MFpkYlhvM2cwZmtad0NZc1hvQU1pWEpuMnpKX1YwT3lIaW1YMHR6dEpSbldiVlo3OG1ucnZFZVhzdGVham9zZjN0QlcyaWVWbV9qYkF0bnhBZUtVQnp3?oc=5\" target=\"_blank\" rel=\"nofollow noopener\">Jimi Blue Ochsenknecht: Umgang mit ihm &#8222;v\u00f6llig \u00fcber das Ziel hinaus&#8220;<\/a>&nbsp;&nbsp;STERN.de<\/li>\n<\/ol>\n","protected":false},"excerpt":{"rendered":"M\u00fcnchen: Um 15.45 Uhr fuhr Jimi Blue in Stadelheim-Knast ein&nbsp;&nbsp;BILD Neuer \u00c4rger f\u00fcr Schauspieler: Jimi Blue Ochsenknecht soll&hellip;\n","protected":false},"author":2,"featured_media":267832,"comment_status":"","ping_status":"","sticky":false,"template":"","format":"standard","meta":{"footnotes":""},"categories":[155],"tags":[74540,29,214,3647,30,49827,17932,12301,1268,24851,45,215,77310,27095],"class_list":{"0":"post-267831","1":"post","2":"type-post","3":"status-publish","4":"format-standard","5":"has-post-thumbnail","7":"category-unterhaltung","8":"tag-auslieferung","9":"tag-deutschland","10":"tag-entertainment","11":"tag-gefaengnis","12":"tag-germany","13":"tag-innsbruck","14":"tag-jva-muenchen","15":"tag-keim-karl","16":"tag-muenchen","17":"tag-ochsenknecht-jimi-blue","18":"tag-texttospeech","19":"tag-unterhaltung","20":"tag-wieberneit-anja","21":"tag-zitzow-marco"},"share_on_mastodon":{"url":"https:\/\/pubeurope.com\/@de\/114852354002515324","error":""},"_links":{"self":[{"href":"https:\/\/www.europesays.com\/de\/wp-json\/wp\/v2\/posts\/267831","targetHints":{"allow":["GET"]}}],"collection":[{"href":"https:\/\/www.europesays.com\/de\/wp-json\/wp\/v2\/posts"}],"about":[{"href":"https:\/\/www.europesays.com\/de\/wp-json\/wp\/v2\/types\/post"}],"author":[{"embeddable":true,"href":"https:\/\/www.europesays.com\/de\/wp-json\/wp\/v2\/users\/2"}],"replies":[{"embeddable":true,"href":"https:\/\/www.europesays.com\/de\/wp-json\/wp\/v2\/comments?post=267831"}],"version-history":[{"count":0,"href":"https:\/\/www.europesays.com\/de\/wp-json\/wp\/v2\/posts\/267831\/revisions"}],"wp:featuredmedia":[{"embeddable":true,"href":"https:\/\/www.europesays.com\/de\/wp-json\/wp\/v2\/media\/267832"}],"wp:attachment":[{"href":"https:\/\/www.europesays.com\/de\/wp-json\/wp\/v2\/media?parent=267831"}],"wp:term":[{"taxonomy":"category","embeddable":true,"href":"https:\/\/www.europesays.com\/de\/wp-json\/wp\/v2\/categories?post=267831"},{"taxonomy":"post_tag","embeddable":true,"href":"https:\/\/www.europesays.com\/de\/wp-json\/wp\/v2\/tags?post=267831"}],"curies":[{"name":"wp","href":"https:\/\/api.w.org\/{rel}","templated":true}]}}