{"id":267847,"date":"2025-07-14T15:50:17","date_gmt":"2025-07-14T15:50:17","guid":{"rendered":"https:\/\/www.europesays.com\/de\/267847\/"},"modified":"2025-07-14T15:50:17","modified_gmt":"2025-07-14T15:50:17","slug":"schleswig-holstein-aktuell-nachrichten-im-ueberblick-13","status":"publish","type":"post","link":"https:\/\/www.europesays.com\/de\/267847\/","title":{"rendered":"Schleswig-Holstein aktuell: Nachrichten im \u00dcberblick"},"content":{"rendered":"<p>        <img decoding=\"async\" src=\"https:\/\/www.europesays.com\/de\/wp-content\/uploads\/2025\/06\/nachrichtenkompakt126.webp\" alt=\"Grafik: Eine Sprechblase, in der die Kontur des Landes Schleswig-Holstein abgebildet ist.\" title=\"Grafik: Eine Sprechblase, in der die Kontur des Landes Schleswig-Holstein abgebildet ist. | NDR\" class=\"responsive\"\/><\/p>\n<p>\n            Stand: 14.07.2025 17:21 Uhr<\/p>\n<p class=\"preface\">Nachrichten aus Schleswig-Holstein vom 14. Juli 2025 &#8211; kompakt und aktuell im Newsblog von NDR SH: Lesen Sie hier im \u00dcberblick, was im Land passiert und noch wichtig wird.<\/p>\n<p class=\"\"><strong>Das Wichtigste in K\u00fcrze:<\/strong><\/p>\n<p>\n        16:24 Uhr\n    <\/p>\n<p>    Bundesinnenminister besucht Bundespolizeidirektion in Neustadt<\/p>\n<p class=\"\">\nBundesinnenminister Alexander Dobrindt ist am Montag (14.7.) zu Gast in Neustadt in Holstein (<a href=\"https:\/\/www.ndr.de\/nachrichten\/schleswig-holstein\/Ostholstein-Aktuelle-Nachrichten-und-Videos,ostholstein126.html\" title=\"Ostholstein - Aktuelle Nachrichten und Videos\" target=\"_blank\" rel=\"noopener\">Kreis Ostholstein<\/a>). Der CSU-Minister aus Bayern verschafft sich an Bord des Einsatzschiffs 84 &#8222;Neustadt&#8220; einen \u00dcberblick dar\u00fcber, was die Bundespolizei auf See leistet und leisten kann. Mit dabei sind auch Spezialeinsatzkr\u00e4fte der GSG9. Der Besuch des neuen Innenministers sei etwas Besonderes, sagten Bundespolizisten NDR Schleswig-Holstein. Vor allem, dass er gleich zu Beginn seiner Amtszeit nach Neustadt gekommen ist, freue sie sehr. Vergangene Woche hatte Dobrindt eine gro\u00dfe Sicherheits-Offensive angek\u00fcndigt. Allein die Bundespolizei soll um 1.000 Stellen verst\u00e4rkt werden. | NDR Schleswig-Holstein 14.07.2025 17:00 Uhr<\/p>\n<p>\n        15:52 Uhr\n    <\/p>\n<p>    Krankenkassenbeitr\u00e4ge steigen: Reaktionen aus SH<\/p>\n<p class=\"\">\nNach Informationen der Bildzeitung fehlen 12 Milliarden Euro bei den gesetzlichen Krankenkassen. Um ein weiteres <a href=\"https:\/\/www.tagesschau.de\/inland\/innenpolitik\/krankenkassen-beitraege-warken-100.html\" title=\"Was hilft gegen steigende Kassenbeitr\u00e4ge?\" target=\"_blank\" rel=\"noopener\">Ansteigen der Krankenkassenbeitr\u00e4ge<\/a> zu verhindern, gibt es unter anderem die Forderung, dass versicherungsfremde Leistungen, wie die Kosten f\u00fcrs B\u00fcrgergeld, aus dem Bundeshaushalt \u00fcbernommen werden. Das sieht auch Schleswig-Holsteins Gesundheitsministerin Kerstin von der Decken (CDU) so. Sie begr\u00fc\u00dfte es, dass der Bund eine Expertenkommission einberufen hat, die Vorschl\u00e4ge zur dauerhaften Stabilisierung der Beitragss\u00e4tze erarbeiten soll. Auch der <a href=\"https:\/\/www.ndr.de\/nachrichten\/schleswig-holstein\/Kiel-Aktuelle-Nachrichten-News-und-Videos,kiel7262.html\" title=\"Kiel - Aktuelle Nachrichten und Videos\" target=\"_blank\" rel=\"noopener\">Kieler<\/a> Gesundheits\u00f6konom Thomas Drabinski h\u00e4lt die Forderung f\u00fcr sinnvoll. Wenn nichts passiert, m\u00fcssen laut ihm gesetzlich Versicherte mit weiteren Steigerungen rechnen. | NDR Schleswig-Holstein 14.07.2025 17:00 Uhr<\/p>\n<p>\n        15:03 Uhr\n    <\/p>\n<p>    Mehr milit\u00e4rischer Verkehr in SH<\/p>\n<p class=\"\">\nDie Landesregierung Schleswig-Holsteins und das Bundesverteidigungsministerium machen den Weg frei f\u00fcr mehr\u00a0Milit\u00e4rtransporte durchs Land. Verkehrsminister Claus Ruhe Madsen (CDU) hat am Montag (14.7.) in <a href=\"https:\/\/www.ndr.de\/nachrichten\/schleswig-holstein\/Kiel-Aktuelle-Nachrichten-News-und-Videos,kiel7262.html\" title=\"Kiel - Aktuelle Nachrichten und Videos\" target=\"_blank\" rel=\"noopener\">Kiel<\/a> eine neue Verwaltungsvereinbarung unterzeichnet. Diese soll die b\u00fcrokratischen H\u00fcrden abbauen. Madsen sagte, damit gebe es jetzt eine pauschale Fahrerlaubnis f\u00fcr \u00fcber 100 Stra\u00dfen im Land. Welche Strecken genau betroffen sind, bleibt aus Sicherheitsgr\u00fcnden geheim. Die neue Regelung gilt ab sofort und unbefristet. Auch Kreis- und Gemeindestra\u00dfen sind teilweise einbezogen, sagte der Chef des Landeskommandos, Michael Skamel. | NDR Schleswig-Holstein 14.07.2025 16:00 Uhr<\/p>\n<p>\n        14:29 Uhr\n    <\/p>\n<p>    Schleswig-Holstein will aktuelle Ferienregelung behalten<\/p>\n<p class=\"\">\nSchleswig-Holsteins Bildungsministerin Dorit Stenke (CDU) sieht keinen Reformbedarf bei den <a href=\"https:\/\/www.ndr.de\/nachrichten\/schleswig-holstein\/sommerferien-in-schleswig-holstein-2025-wann-sie-auch-hier-beginnen,ferien388.html\" title=\"Sommerferien in Schleswig-Holstein 2025: Wann sie auch hier beginnen\" target=\"_blank\" rel=\"noopener\">Sommerferienzeiten<\/a> der einzelnen Bundesl\u00e4nder. Schleswig-Holstein trage den von der L\u00e4nderarbeitsgruppe und der Kultusministerkonferenz beschlossenen Kompromiss weiter mit, erkl\u00e4rte Stenke. Dagegen hatte sich die Th\u00fcringer CDU-Fraktion f\u00fcr flexiblere Sommerferienzeiten ausgesprochen. Unsere Schulferienregelung stamme aus einem anderen Jahrhundert. Man brauche ein modernes, gerechtes System, das sich an den Bed\u00fcrfnissen der Familien, der Schulen und der Wirtschaft orientiert &#8211; nicht an jahrzehntealten Traditionen, hie\u00df es. | NDR Schleswig-Holstein 14.07.2025 15:00 Uhr<\/p>\n<p>        <img decoding=\"async\" src=\"https:\/\/www.europesays.com\/de\/wp-content\/uploads\/2025\/07\/schulferien146.webp\" alt=\"An einer Tafel in einem Klassenzimmer steht &quot;Ferien!&quot; geschrieben.\" title=\"An einer Tafel in einem Klassenzimmer steht &quot;Ferien!&quot; geschrieben. | picture alliance\/Zoonar | DesignIt\" class=\"responsive\" loading=\"lazy\"\/><\/p>\n<p>Neun Bundesl\u00e4nder sind schon komplett in Urlaubsstimmung. Sch\u00fcler, Lehrer und Eltern in Schleswig-Holstein m\u00fcssen sich noch etwas gedulden.<\/p>\n<p>\n        13:23 Uhr\n    <\/p>\n<p>    F\u00e4hre MS Adler R\u00fcm Hart sticht wieder in See<\/p>\n<p class=\"\">\nDer Katamaran &#8222;MS Adler R\u00fcm Hart&#8220; soll ab Dienstag (15.7.) voraussichtlich wieder planm\u00e4\u00dfig unterwegs sein. Das teilt die Reederei Adler-Schiffe mit. Wegen Reparaturarbeiten ist die F\u00e4hre zwischen Dageb\u00fcll, F\u00f6hr und Amrum (alle <a href=\"https:\/\/www.ndr.de\/nachrichten\/schleswig-holstein\/Nordfriesland-Aktuelle-Nachrichten-und-Videos,nordfriesland174.html\" title=\"Nordfriesland - Aktuelle Nachrichten und Videos\" target=\"_blank\" rel=\"noopener\">Kreis Nordfriesland<\/a>) f\u00fcr zwei Wochen ausgefallen. Die Ausf\u00e4lle betreffen auch Fahrten nach Helgoland (<a href=\"https:\/\/www.ndr.de\/nachrichten\/schleswig-holstein\/Pinneberg-Aktuelle-Nachrichten-und-Videos,pinneberg326.html\" title=\"Pinneberg: Aktuelle Nachrichten und Videos\" target=\"_blank\" rel=\"noopener\">Kreis Pinneberg<\/a>) sowie von und zu den Inseln Nordstrand, Pellworm und Hallig Hooge. | NDR Schleswig-Holstein 14.07.2025 16:30 Uhr<\/p>\n<p>\n        13:19 Uhr\n    <\/p>\n<p>    Explosion auf Boot im Yachthafen von Wendtorf<\/p>\n<p class=\"\">\nIm Yachthafen von Wendtorf im <a href=\"https:\/\/www.ndr.de\/nachrichten\/schleswig-holstein\/Kreis-Ploen-Aktuelle-Nachrichten-und-Videos,ploen198.html\" title=\"Kreis Pl\u00f6n - Aktuelle Nachrichten und Videos\" target=\"_blank\" rel=\"noopener\">Kreis Pl\u00f6n<\/a> ist ein Motorboot gesunken. Wie die Polizei mitteilte, gab es dort am Sonntagabend (13.7.) eine Explosion. Nach Angaben eines Feuerwehrsprechers hatte es vorher auf dem Boot gebrannt. Warum, ist noch unklar. Die Kriminalpolizei ermittelt. Verletzt wurde bei dem Vorfall niemand. Das Motorboot sank &#8211; vorsorglich legte die Feuerwehr eine \u00d6lsperre aus. Die Wasserschutzpolizei half dabei, die Wrackteile zu bergen. | NDR Schleswig-Holstein 14.07.2025 14:00 Uhr<\/p>\n<p>\n        12:28 Uhr\n    <\/p>\n<p>    L\u00fcbecker Bucht: Drei Segler aus Seenot gerettet<\/p>\n<p class=\"\">\nIn der <a href=\"https:\/\/www.ndr.de\/nachrichten\/schleswig-holstein\/Luebeck-Aktuelle-Nachrichten-und-Videos-,luebeck2802.html\" title=\"L\u00fcbeck - Aktuelle Nachrichten und Videos\" target=\"_blank\" rel=\"noopener\">L\u00fcbecker<\/a> Bucht sind Sonntagnachmittag (13.7.) drei Segler aus Seenot gerettet worden. Verletzt wurde nach Angaben der Deutschen Gesellschaft zur Rettung Schiffbr\u00fcchiger niemand. Nach dem Ausfall der Maschine sei das Plattbodenschiff von auflandigem Wind auf die K\u00fcste zugetrieben, hie\u00df es. Die Seenotretter h\u00e4tten eine Leinenverbindung hergestellt und das Schiff sicher nach <a href=\"https:\/\/www.ndr.de\/ratgeber\/reise\/ostseekueste_sh\/Travemuende-Langer-Strand-und-dicke-Poette-an-der-Ostsee,travemuende235.html\" title=\"Travem\u00fcnde: Langer Strand und dicke P\u00f6tte an der Ostsee\" target=\"_blank\" rel=\"noopener\">Travem\u00fcnde<\/a> geschleppt.\u00a0Wegen einer instabilen Mobilfunkverbindung hatten die Einsatzkr\u00e4fte vor\u00fcbergehend Schwierigkeiten, die genaue Position des Plattbodenschiffs zu orten. | NDR Schleswig-Holstein 14.07.2025 13:00 Uhr<\/p>\n<p>\n        09:30 Uhr\n    <\/p>\n<p>    Auto landet im Stadtsee &#8222;Kleiner Kiel&#8220;: Fahrerin war betrunken<\/p>\n<p class=\"\">\nAm fr\u00fchen Montagmorgen (14.7.) ist in <a href=\"https:\/\/www.ndr.de\/nachrichten\/schleswig-holstein\/Kiel-Aktuelle-Nachrichten-News-und-Videos,kiel7262.html\" title=\"Kiel - Aktuelle Nachrichten und Videos\" target=\"_blank\" rel=\"noopener\">Kiel<\/a> eine Frau<a href=\"https:\/\/www.ndr.de\/nachrichten\/schleswig-holstein\/auto-landet-im-kleinen-kiel-fahrerin-war-betrunken,regionkielnews-260.html\" title=\"Auto landet im Wasser - Fahrerin in Kiel ohne F\u00fchrerschein unterwegs\" target=\"_blank\" rel=\"noopener\"> mit ihrem Auto im &#8222;Kleinen Kiel&#8220; gelandet<\/a>. Die 20-J\u00e4hrige fuhr laut Polizei gegen 2 Uhr vom Exerzierplatz in Richtung des Rathauses. In der Kurve bog sie allerdings nicht ab, sondern fuhr geradeaus und landete mit ihrem Auto im Gew\u00e4sser. Es sank und ragte nur noch mit dem Heck aus dem Kleinen Kiel. Die Frau konnte sich leicht verletzt aus dem Auto retten, ihrem 23-j\u00e4hrigen Beifahrer ist nichts passiert. Ein freiwilliger Atemalkoholtest bei der Fahrerin ergab einen Wert von 1,3 Promille. Au\u00dferdem hat die Frau keinen F\u00fchrerschein. Gegen sie ermittelt nun die Polizei. Ein Kran holte den Wagen Montagvormittag (14.7.) aus dem Wasser heraus. | NDR Schleswig-Holstein 14.07.2025 08:00 Uhr<\/p>\n<p>        <img decoding=\"async\" src=\"https:\/\/www.europesays.com\/de\/wp-content\/uploads\/2025\/07\/auto-144.webp\" alt=\"Ein Auto liegt im Wasser des Kleinen Kiels in Kiel.\" title=\"Ein Auto liegt im Wasser des Kleinen Kiels in Kiel. | NDR, Moritz Mayer\" class=\"responsive\" loading=\"lazy\"\/><\/p>\n<p>Die Fahrerin war laut Polizei mit 1,3 Promille unterwegs und hatte auch keinen F\u00fchrerschein. Sie und ihr Beifahrer blieben unverletzt.<\/p>\n<p>\n        07:47 Uhr\n    <\/p>\n<p>    Mehr Schulbegleitungen f\u00fcr Kinder in Schleswig-Holstein n\u00f6tig<\/p>\n<p class=\"\">\nEine landesweite Umfrage von NDR Schleswig-Holstein in Kommunen zeigt, dass aktuell mehr als 7.500 k\u00f6rperlich und geistig behinderte sowie stark verhaltensauff\u00e4llige <a href=\"https:\/\/www.ndr.de\/nachrichten\/schleswig-holstein\/immer-mehr-kinder-in-sh-benoetigen-eine-schulbegleitung,schulbegleitung-100.html\" title=\"Schulbegleitungen in SH nehmen massiv zu - Kosten explodieren\" target=\"_blank\" rel=\"noopener\">Kinder durch den Schulalltag begleitet werden m\u00fcssen<\/a>. Damit hat sich die Zahl in den vergangenen vier Jahr fast verdoppelt. Der Landkreistag fordert, dass die Verantwortung beim Bildungsministerium geb\u00fcndelt wird. | NDR Schleswig-Holstein 14.07.2025 07:00 Uhr<\/p>\n<p>        <img decoding=\"async\" src=\"https:\/\/www.europesays.com\/de\/wp-content\/uploads\/2025\/07\/schule-264.webp\" alt=\"Eine Schulbegleiterin unterst\u00fctzt einen Sch\u00fcler mit ADHS im Unterricht. \" title=\"Eine Schulbegleiterin unterst\u00fctzt einen Sch\u00fcler mit ADHS im Unterricht.  | IMAGO \/ Funke Foto Services\" class=\"responsive\" loading=\"lazy\"\/><\/p>\n<p>Viele Kinder brauchen Unterst\u00fctzung in der Schule. Kreise, Kommunen und Land ringen um L\u00f6sungen. Wie l\u00e4sst sich gegensteuern?<\/p>\n<p>\n        07:31 Uhr\n    <\/p>\n<p>    Benefiz-Radtour durch Schleswig-Holstein und Mecklenburg-Vorpommern<\/p>\n<p class=\"\">\nAm Montagmorgen (14.7.) ist der Startschuss f\u00fcr die 29. Hanse-Tour Sonnenschein gefallen. Bis zu 200 Radlerinnen und Radler fahren vier Tage lang von Rostock \u00fcber Eutin (<a href=\"https:\/\/www.ndr.de\/nachrichten\/schleswig-holstein\/Ostholstein-Aktuelle-Nachrichten-und-Videos,ostholstein126.html\" title=\"Ostholstein - Aktuelle Nachrichten und Videos\" target=\"_blank\" rel=\"noopener\">Kreis Ostholstein<\/a>) bis nach <a href=\"https:\/\/www.ndr.de\/nachrichten\/schleswig-holstein\/Kiel-Aktuelle-Nachrichten-News-und-Videos,kiel7262.html\" title=\"Kiel - Aktuelle Nachrichten und Videos\" target=\"_blank\" rel=\"noopener\">Kiel<\/a> und zur\u00fcck und sammeln dabei Geld f\u00fcr krebskranke und chronisch kranke Kinder. Ministerpr\u00e4sident Daniel G\u00fcnther (CDU) ist in diesem Jahr Schirmherr der Aktion. | NDR Schleswig-Holstein 14.07.2025 08:00 Uhr<\/p>\n<p>\n        06:32 Uhr\n    <\/p>\n<p>    Elternwohl \u00fcber Kinderschutz? Pflegeeltern kritisieren Jugendpflege<\/p>\n<p class=\"\">\nPflegefamilien in Schleswig-Holstein erheben Vorw\u00fcrfe gegen das Familienministerium. Bei strittigen F\u00e4llen mit leiblichen Eltern w\u00fcrden die Jugend\u00e4mter nicht miteinander kommunizieren. So habe ein Amt die R\u00fcckf\u00fchrung eines Pflegekindes zu seiner leiblichen Mutter in die Wege leiten wollen, obwohl in dem davor zust\u00e4ndigen Amt bereits bekannt war, dass sich die Mutter nicht an Auflagen gehalten hatte und auch zu Besuchen meist nicht erschienen war. Laut der Preetzer Familienrechtsanw\u00e4ltin Ulrike Edelhoff-Bohnhardt sind F\u00e4lle wie dieser nicht selten.\u00a0Es gebe keine einheitlichen Standards und keine Fachaufsicht. Auf Anfrage von NDR Schleswig-Holstein schreibt das Familienministerium, man sei sich im Klaren dar\u00fcber, dass die Rahmenbedingungen f\u00fcr Pflegeeltern verbessert werden m\u00fcssen. | NDR Schleswig-Holstein 14.07.2025 06:00 Uhr<\/p>\n<p>\n        06:24 Uhr\n    <\/p>\n<p>    Solarpark in Eggebek wird er\u00f6ffnet<\/p>\n<p class=\"\">\nAuf dem ehemaligen Milit\u00e4rflugplatz hat ein Unternehmen zus\u00e4tzlich zu den bereits vorhandenen Solarmodulen neue gebaut. Der Solarpark hat k\u00fcnftig eine Spitzenleistung von mehr als 160 Megawatt. Eggebek (<a href=\"https:\/\/www.ndr.de\/nachrichten\/schleswig-holstein\/Kreis-Schleswig-Flensburg-Aktuelle-Nachrichten-und-Videos,schleswigflensburg118.html\" title=\"Kreis Schleswig-Flensburg - Aktuelle Nachrichten und Videos\" target=\"_blank\" rel=\"noopener\">Kreis Schleswig-Flensburg<\/a>) wird damit zum mit Abstand gr\u00f6\u00dften Produzenten von Photovoltaik in Schleswig-Holstein. | NDR Schleswig-Holstein 14.07.2025 05:30 Uhr<\/p>\n<p>        <img decoding=\"async\" src=\"https:\/\/www.europesays.com\/de\/wp-content\/uploads\/2025\/07\/eggebek-102.webp\" alt=\"Eine Solaranlage in Eggebek.\" title=\"Eine Solaranlage in Eggebek. | Enerparc AG\" class=\"responsive\" loading=\"lazy\"\/><\/p>\n<p>Der ehemalige Milit\u00e4rflugplatz ist jetzt gr\u00f6\u00dftenteils mit Solarmodulen bedeckt. Auch die Stromproduktion steigert sich deutlich.<\/p>\n<p>\n        14:35 Uhr\n    <\/p>\n<p>    Das Wetter in Schleswig-Holstein: Wolken und Schauer m\u00f6glich<\/p>\n<p class=\"\">\nEs gibt einen Wechsel aus Sonne und Wolken. Stellenweise kommt es vereinzelt zu Schauern oder Gewittern, punktuell kr\u00e4ftig. In den Abendstunden lassen diese nach. Im S\u00fcdwesten, insbesondere zur Elbe hin ist es \u00fcberwiegend trocken. Abgesehen von Schauer- und Gewitterb\u00f6en weht ein schwacher bis m\u00e4\u00dfiger, von Nordost auf Nordwest bis West drehender Wind. Die Feierabendtemperaturen liegen bei 20 Grad in Westerland auf <a href=\"https:\/\/www.ndr.de\/nachrichten\/schleswig-holstein\/Sylt-Aktuelle-News-und-Videos-von-der-Insel,sylt1522.html\" title=\"Sylt - Nachrichten und Videos von der Nordsee-Insel\" target=\"_blank\" rel=\"noopener\">Sylt<\/a> und 24 Grad in Geesthacht (<a href=\"https:\/\/www.ndr.de\/nachrichten\/schleswig-holstein\/Herzogtum-Lauenburg-Aktuelle-Nachrichten-und-Videos,herzogtumlauenburg126.html\" title=\"Herzogtum Lauenburg - Aktuelle Nachrichten und Videos\" target=\"_blank\" rel=\"noopener\">Kreis Herzogtum Lauenburg<\/a>). In der Nacht zum Dienstag ist es teils wolkig und teils klar, hier und da k\u00f6nnen einzelne Schauer mit dabei sein. | NDR Schleswig-Holstein 14.07.2025 15:00 Uhr<\/p>\n<p>        <img decoding=\"async\" src=\"https:\/\/www.europesays.com\/de\/wp-content\/uploads\/2025\/07\/wetter-618.webp\" alt=\"Wetterexperte Sebastian Wache steht im Studio mit der Wettervorhersage.\" title=\"Wetterexperte Sebastian Wache steht im Studio mit der Wettervorhersage. | NDR\" class=\"responsive\" loading=\"lazy\"\/><\/p>\n<p>NDR Schleswig-Holstein Wettermoderator Sebastian Wache mit den Aussichten f\u00fcr den 14. Juli und die folgenden Tage.<\/p>\n<p>        <img decoding=\"async\" src=\"https:\/\/www.europesays.com\/de\/wp-content\/uploads\/2025\/06\/podcastlogo104.webp\" alt=\"Ein Mikrofon vor zwei Menschen.\" title=\"Ein Mikrofon vor zwei Menschen. | NDR, Janis R\u00f6hlig\" class=\"responsive\" loading=\"lazy\"\/><\/p>\n<p>Alles, was f\u00fcr Schleswig-Holstein wichtig ist: Im Nachrichten-Podcast von NDR 1 Welle Nord h\u00f6ren Sie das Neueste aus Schleswig-Holstein, Deutschland und der Welt.<\/p>\n","protected":false},"excerpt":{"rendered":"Stand: 14.07.2025 17:21 Uhr Nachrichten aus Schleswig-Holstein vom 14. Juli 2025 &#8211; kompakt und aktuell im Newsblog von&hellip;\n","protected":false},"author":2,"featured_media":203443,"comment_status":"","ping_status":"","sticky":false,"template":"","format":"standard","meta":{"footnotes":""},"categories":[1852],"tags":[590,3364,29,548,663,3934,30,13,4949,17462,14,15,12,1971,17461,1973],"class_list":{"0":"post-267847","1":"post","2":"type-post","3":"status-publish","4":"format-standard","5":"has-post-thumbnail","7":"category-kiel","8":"tag-aktuell","9":"tag-de","10":"tag-deutschland","11":"tag-eu","12":"tag-europa","13":"tag-europe","14":"tag-germany","15":"tag-headlines","16":"tag-kiel","17":"tag-kompakt","18":"tag-nachrichten","19":"tag-news","20":"tag-schlagzeilen","21":"tag-schleswig-holstein","22":"tag-ueberblick","23":"tag-wetter"},"share_on_mastodon":{"url":"https:\/\/pubeurope.com\/@de\/114852385745497477","error":""},"_links":{"self":[{"href":"https:\/\/www.europesays.com\/de\/wp-json\/wp\/v2\/posts\/267847","targetHints":{"allow":["GET"]}}],"collection":[{"href":"https:\/\/www.europesays.com\/de\/wp-json\/wp\/v2\/posts"}],"about":[{"href":"https:\/\/www.europesays.com\/de\/wp-json\/wp\/v2\/types\/post"}],"author":[{"embeddable":true,"href":"https:\/\/www.europesays.com\/de\/wp-json\/wp\/v2\/users\/2"}],"replies":[{"embeddable":true,"href":"https:\/\/www.europesays.com\/de\/wp-json\/wp\/v2\/comments?post=267847"}],"version-history":[{"count":0,"href":"https:\/\/www.europesays.com\/de\/wp-json\/wp\/v2\/posts\/267847\/revisions"}],"wp:featuredmedia":[{"embeddable":true,"href":"https:\/\/www.europesays.com\/de\/wp-json\/wp\/v2\/media\/203443"}],"wp:attachment":[{"href":"https:\/\/www.europesays.com\/de\/wp-json\/wp\/v2\/media?parent=267847"}],"wp:term":[{"taxonomy":"category","embeddable":true,"href":"https:\/\/www.europesays.com\/de\/wp-json\/wp\/v2\/categories?post=267847"},{"taxonomy":"post_tag","embeddable":true,"href":"https:\/\/www.europesays.com\/de\/wp-json\/wp\/v2\/tags?post=267847"}],"curies":[{"name":"wp","href":"https:\/\/api.w.org\/{rel}","templated":true}]}}