{"id":267854,"date":"2025-07-14T15:54:09","date_gmt":"2025-07-14T15:54:09","guid":{"rendered":"https:\/\/www.europesays.com\/de\/267854\/"},"modified":"2025-07-14T15:54:09","modified_gmt":"2025-07-14T15:54:09","slug":"unfall-gelsenkirchener-polizei-sucht-schwarzen-bmw","status":"publish","type":"post","link":"https:\/\/www.europesays.com\/de\/267854\/","title":{"rendered":"Unfall: Gelsenkirchener Polizei sucht schwarzen BMW"},"content":{"rendered":"<ul>\n<li><strong>BMW st\u00f6\u00dft mit Fahrradfahrer zusammen<\/strong><\/li>\n<li><strong>Junge musste nach Unfall ins Krankenhaus<\/strong><\/li>\n<\/ul>\n<p>Am Samstagnachmittag (12.7.) fuhr ein zehnj\u00e4hriger Junge mit seinem BMX-Rad auf dem Gehweg der Gelsenkirchener Wiesmannstra\u00dfe in Richtung Alfred-Zingler-Stra\u00dfe. In H\u00f6he der Zufahrt zum Industriegebiet kam ein schwarzer BMW von hinten, geriet auf den Gehweg und stie\u00df mit dem Fahrrad des Jungen zusammen. Der Junge st\u00fcrzte und verletzte sich leicht. Der BMW hielt kurz an, fuhr dann aber weiter. Der Junge wurde sp\u00e4ter im Krankenhaus behandelt. Die Polizei bittet den Fahrer des BMW, sich zu melden.<\/p>\n<p><a href=\"https:\/\/www.radioemscherlippe.de\/information\/polizeimeldungen.html\" rel=\"noopener noreferrer\" target=\"_blank\">Hier gibt es mehr aktuelle Polizeimeldungen aus Gladbeck, Bottrop und Gelsenkirchen. <\/a><\/p>\n","protected":false},"excerpt":{"rendered":"BMW st\u00f6\u00dft mit Fahrradfahrer zusammen Junge musste nach Unfall ins Krankenhaus Am Samstagnachmittag (12.7.) fuhr ein zehnj\u00e4hriger Junge&hellip;\n","protected":false},"author":2,"featured_media":184897,"comment_status":"","ping_status":"","sticky":false,"template":"","format":"standard","meta":{"footnotes":""},"categories":[1848],"tags":[3364,29,548,663,3934,5516,3658,30,13,14,15,1209,12],"class_list":{"0":"post-267854","1":"post","2":"type-post","3":"status-publish","4":"format-standard","5":"has-post-thumbnail","7":"category-gelsenkirchen","8":"tag-de","9":"tag-deutschland","10":"tag-eu","11":"tag-europa","12":"tag-europe","13":"tag-fahrerflucht","14":"tag-gelsenkirchen","15":"tag-germany","16":"tag-headlines","17":"tag-nachrichten","18":"tag-news","19":"tag-nordrhein-westfalen","20":"tag-schlagzeilen"},"share_on_mastodon":{"url":"https:\/\/pubeurope.com\/@de\/114852401215131973","error":""},"_links":{"self":[{"href":"https:\/\/www.europesays.com\/de\/wp-json\/wp\/v2\/posts\/267854","targetHints":{"allow":["GET"]}}],"collection":[{"href":"https:\/\/www.europesays.com\/de\/wp-json\/wp\/v2\/posts"}],"about":[{"href":"https:\/\/www.europesays.com\/de\/wp-json\/wp\/v2\/types\/post"}],"author":[{"embeddable":true,"href":"https:\/\/www.europesays.com\/de\/wp-json\/wp\/v2\/users\/2"}],"replies":[{"embeddable":true,"href":"https:\/\/www.europesays.com\/de\/wp-json\/wp\/v2\/comments?post=267854"}],"version-history":[{"count":0,"href":"https:\/\/www.europesays.com\/de\/wp-json\/wp\/v2\/posts\/267854\/revisions"}],"wp:featuredmedia":[{"embeddable":true,"href":"https:\/\/www.europesays.com\/de\/wp-json\/wp\/v2\/media\/184897"}],"wp:attachment":[{"href":"https:\/\/www.europesays.com\/de\/wp-json\/wp\/v2\/media?parent=267854"}],"wp:term":[{"taxonomy":"category","embeddable":true,"href":"https:\/\/www.europesays.com\/de\/wp-json\/wp\/v2\/categories?post=267854"},{"taxonomy":"post_tag","embeddable":true,"href":"https:\/\/www.europesays.com\/de\/wp-json\/wp\/v2\/tags?post=267854"}],"curies":[{"name":"wp","href":"https:\/\/api.w.org\/{rel}","templated":true}]}}