{"id":267855,"date":"2025-07-14T15:55:09","date_gmt":"2025-07-14T15:55:09","guid":{"rendered":"https:\/\/www.europesays.com\/de\/267855\/"},"modified":"2025-07-14T15:55:09","modified_gmt":"2025-07-14T15:55:09","slug":"hochrangige-militaers-und-politiker-treffen-sich-in-wiesbaden","status":"publish","type":"post","link":"https:\/\/www.europesays.com\/de\/267855\/","title":{"rendered":"Hochrangige Milit\u00e4rs und Politiker treffen sich in Wiesbaden"},"content":{"rendered":"<ol class=\"id-DonaldBreadcrumb lp_west_breadcrumb id-DonaldBreadcrumb--default\" data-k5a-pos=\"west_breadcrumb\">\n<li class=\"id-Breadcrumb-item\"><a href=\"https:\/\/www.fr.de\/\" class=\"id-Breadcrumb-link\" data-id-ec=\"{\" shn=\"\" textlink=\"\" data-k5a-pos=\"1_startseite\" rel=\"nofollow noopener\" target=\"_blank\">Startseite<\/a><\/li>\n<li class=\"id-Breadcrumb-item\"><a href=\"https:\/\/www.fr.de\/rhein-main\/\" class=\"id-Breadcrumb-link\" data-id-ec=\"{\" shn=\"\" textlink=\"\" data-k5a-pos=\"2_rheinMain\" rel=\"nofollow noopener\" target=\"_blank\">Rhein-Main<\/a><\/li>\n<li class=\"id-Breadcrumb-item\"><a href=\"https:\/\/www.fr.de\/rhein-main\/wiesbaden\/\" class=\"id-Breadcrumb-link\" data-id-ec=\"{\" shn=\"\" textlink=\"\" data-k5a-pos=\"3_wiesbaden\" rel=\"nofollow noopener\" target=\"_blank\">Wiesbaden<\/a><\/li>\n<\/ol>\n<p class=\"id-Story-timestamp id-Story-timestamp--default\">Stand: 14.07.2025, 17:51 Uhr<\/p>\n<p class=\"id-Story-authors id-Story-authors--default\">Von: <a class=\"id-Story-authors-link lp_west_author\" href=\"https:\/\/www.fr.de\/autor\/diana-unkart-lmchk7dg3.html\" title=\"Zur Autorenseite von Diana Unkart\" data-id-ec=\"{\" shn=\"\" author-link=\"\" unkart=\"\" data-k5a-pos=\"west_author\" rel=\"nofollow noopener\" target=\"_blank\">Diana Unkart<\/a><\/p>\n<p class=\"id-Story-interactionBar id-Story-interactionBar--default\">DruckenTeilen<\/p>\n<p class=\"id-StoryElement-leadText\">In Wiesbaden beginnt mit der \u201eLandeuro\u201c ein neues Milit\u00e4rsymposium mit internationalen G\u00e4sten \u2013 begleitet von Protesten.<\/p>\n<p class=\"id-StoryElement-paragraph\">Wiesbaden gewinnt als Standort f\u00fcr milit\u00e4rische Steuerung zunehmend an Gewicht \u2013 insbesondere im transatlantischen Raum. Ausdruck dieser Entwicklung ist ein neues internationales Symposium, das am Mittwoch im Rhein-Main-Congress-Center (RMCC) beginnt: die \u201eLandeuro\u201c.<\/p>\n<p class=\"id-StoryElement-paragraph\">Organisiert von der Association of the United States Army (Ausa), einem privaten US-Verband zur Unterst\u00fctzung der amerikanischen Streitkr\u00e4fte, bringt die zweit\u00e4gige Veranstaltung hochrangige Vertreterinnen und Vertreter der US-Armee, der Nato, der Ukraine sowie aus der europ\u00e4ischen Politik, Industrie und Milit\u00e4rstrategie zusammen. Auch Regierungsorganisationen und Fachleute aus der R\u00fcstungsbranche sind vor Ort. Im Mittelpunkt stehen Fragen zur Zukunft der Landstreitkr\u00e4fte in einer Welt wachsender geopolitischer Spannungen. Diskutiert werden unter anderem die Zusammenarbeit zwischen Alliierten und Industrie, milit\u00e4rische Innovationen sowie die sicherheitspolitische Lage in Europa. <\/p>\n<p>Linke ruft zu Protestkundgebung auf<\/p>\n<p class=\"id-StoryElement-paragraph\">Auch der Krieg in der Ukraine ist zentrales Thema. Mehr als 80 Ausstellerinnen und Aussteller pr\u00e4sentieren sich auf der begleitenden Fachmesse.<\/p>\n<p class=\"id-StoryElement-paragraph\">Er\u00f6ffnet wird die \u201eLandeuro\u201c von General Christopher Donahue, Kommandeur der U.S. Army Europe and Africa. Diese unterh\u00e4lt ihr Hauptquartier in Wiesbaden, ebenso wie das 56. Artilleriekommando und das Nato-Ukraine-Kommando. Die Stadt spielt damit eine zentrale Rolle in der milit\u00e4rischen Vernetzung des Westens.<\/p>\n<p class=\"id-StoryElement-paragraph\">Nicht alle begr\u00fc\u00dfen diese Entwicklung. Die hessische Linke und ihr Wiesbadener Kreisverband rufen gemeinsam mit weiteren Initiativen f\u00fcr Mittwoch, 16 Uhr, zu einer Protestkundgebung vor dem RMCC auf. <\/p>\n<p class=\"id-StoryElement-paragraph\">Die Partei kritisiert, mit einem auf mehr als 150 Milliarden Euro aufgestockten Verteidigungshaushalt setze die Bundesregierung falsche Priorit\u00e4ten. Veranstaltungen wie die \u201eLandeuro\u201c tr\u00fcgen zur \u201eNorma\u3220lisierung von Krieg\u201c bei, hei\u00dft es in einer Stellungnahme.<\/p>\n<p><img decoding=\"async\" class=\"id-RatioPlaceholder-element wv_story_el_image\" src=\"https:\/\/www.europesays.com\/de\/wp-content\/uploads\/2025\/07\/38960991-an-einem-mast-befinden-sich-mehrere-schilder-eines-weist-den-weg-zur-clay-kaserne-der-us-st.jpeg\" loading=\"lazy\"   height=\"734\" width=\"1100\" alt=\"An einem Mast befinden sich mehrere Schilder. Eines weist den Weg zur Clay-Kaserne der US-Streitkr&#xE4;fte. \"\/>In Wiesbaden befinden sich mehrere Einrichtungen und Kommandos der US-Armee und der Nato. \u00a9\u00a0Michael Schick<\/p>\n","protected":false},"excerpt":{"rendered":"Startseite Rhein-Main Wiesbaden Stand: 14.07.2025, 17:51 Uhr Von: Diana Unkart DruckenTeilen In Wiesbaden beginnt mit der \u201eLandeuro\u201c ein&hellip;\n","protected":false},"author":2,"featured_media":267856,"comment_status":"","ping_status":"","sticky":false,"template":"","format":"standard","meta":{"footnotes":""},"categories":[1847],"tags":[3364,29,548,663,3934,30,13,2052,14,15,12,4544],"class_list":{"0":"post-267855","1":"post","2":"type-post","3":"status-publish","4":"format-standard","5":"has-post-thumbnail","7":"category-wiesbaden","8":"tag-de","9":"tag-deutschland","10":"tag-eu","11":"tag-europa","12":"tag-europe","13":"tag-germany","14":"tag-headlines","15":"tag-hessen","16":"tag-nachrichten","17":"tag-news","18":"tag-schlagzeilen","19":"tag-wiesbaden"},"share_on_mastodon":{"url":"https:\/\/pubeurope.com\/@de\/114852405178908526","error":""},"_links":{"self":[{"href":"https:\/\/www.europesays.com\/de\/wp-json\/wp\/v2\/posts\/267855","targetHints":{"allow":["GET"]}}],"collection":[{"href":"https:\/\/www.europesays.com\/de\/wp-json\/wp\/v2\/posts"}],"about":[{"href":"https:\/\/www.europesays.com\/de\/wp-json\/wp\/v2\/types\/post"}],"author":[{"embeddable":true,"href":"https:\/\/www.europesays.com\/de\/wp-json\/wp\/v2\/users\/2"}],"replies":[{"embeddable":true,"href":"https:\/\/www.europesays.com\/de\/wp-json\/wp\/v2\/comments?post=267855"}],"version-history":[{"count":0,"href":"https:\/\/www.europesays.com\/de\/wp-json\/wp\/v2\/posts\/267855\/revisions"}],"wp:featuredmedia":[{"embeddable":true,"href":"https:\/\/www.europesays.com\/de\/wp-json\/wp\/v2\/media\/267856"}],"wp:attachment":[{"href":"https:\/\/www.europesays.com\/de\/wp-json\/wp\/v2\/media?parent=267855"}],"wp:term":[{"taxonomy":"category","embeddable":true,"href":"https:\/\/www.europesays.com\/de\/wp-json\/wp\/v2\/categories?post=267855"},{"taxonomy":"post_tag","embeddable":true,"href":"https:\/\/www.europesays.com\/de\/wp-json\/wp\/v2\/tags?post=267855"}],"curies":[{"name":"wp","href":"https:\/\/api.w.org\/{rel}","templated":true}]}}