{"id":267954,"date":"2025-07-14T16:47:12","date_gmt":"2025-07-14T16:47:12","guid":{"rendered":"https:\/\/www.europesays.com\/de\/267954\/"},"modified":"2025-07-14T16:47:12","modified_gmt":"2025-07-14T16:47:12","slug":"pol-hh-250714-8-vermisstenfahndungen-nach-zwei-maedchen-aus-hamburg-steilshoop-und","status":"publish","type":"post","link":"https:\/\/www.europesays.com\/de\/267954\/","title":{"rendered":"POL-HH: 250714-8. Vermisstenfahndungen nach zwei M\u00e4dchen aus Hamburg-Steilshoop und &#8230;"},"content":{"rendered":"<p class=\"date\">14.07.2025 \u2013 18:10<\/p>\n<p class=\"customer\">\n                        <a class=\"story-customer\" title=\"weiter zum newsroom von Polizei Hamburg\" href=\"https:\/\/www.presseportal.de\/blaulicht\/nr\/6337\" target=\"_blank\" rel=\"noopener\">Polizei Hamburg<\/a>\n                    <\/p>\n<p><a class=\"glightbox-pseudo event-trigger\" href=\"https:\/\/cache.pressmailing.net\/thumbnail\/story_hires\/53a6dff6-0617-42aa-b8f7-f2794d47065f\/Laura2.jpg.jpg\" data-description=\"Laura 2\" data-category=\"medialightbox\" data-action=\"click\" data-label=\"single\" data-value=\"68752c02270000fd2cf55000\" target=\"_blank\" rel=\"noopener\"><img decoding=\"async\" height=\"540\" with=\"720\" src=\"https:\/\/www.europesays.com\/de\/wp-content\/uploads\/2025\/07\/pol-hh-250714-8-vermisstenfahndungen-nach-zwei-m-dchen-aus-hamburg-steilshoop-und-hamburg-wilhelmsbu.jpeg\"   alt=\"POL-HH: 250714-8. Vermisstenfahndungen nach zwei M\u00e4dchen aus Hamburg-Steilshoop und Hamburg-Wilhelmsburg\" class=\"single\"\/><\/a><\/p>\n<p><a data-category=\"citylink-story-view\" data-action=\"click\" data-label=\"Citylink in Meldungsansicht\" class=\"story-city event-trigger\" href=\"https:\/\/www.presseportal.de\/regional\/Hamburg\" title=\"News aus Hamburg \" target=\"_blank\" rel=\"noopener\">Hamburg<\/a> (ots)<\/p>\n<p>Zeiten: a) seit 14.07.2025, 07:30 Uhr, b) seit 11.07.2025, 23:30 Uhr; Orte: a) Hamburg-Steilshoop, Fritz-Flinte-Ring, b) Hamburg-Wilhelmsburg, F\u00e4hrstra\u00dfe<\/p>\n<p>Die Polizei Hamburg sucht unabh\u00e4ngig voneinander \u00f6ffentlich mit Lichtbildern nach zwei M\u00e4dchen aus den Stadtteilen Steilshoop und Wilhelmsburg und bittet die Bev\u00f6lkerung um Mithilfe.<\/p>\n<p>a)<br \/>\nHeute Morgen verlie\u00df die geistig eingeschr\u00e4nkte zw\u00f6lfj\u00e4hrige Laura Richter ihre Wohnanschrift und stieg an der Haltestelle Fritz-Flinte-Ring in den Bus der Linie 218 ein, um zu ihrer Schule in Bramfeld zu fahren. An der Haltestelle Fabriciusstra\u00dfe soll sie zuletzt von Mitsch\u00fclerinnen und Mitsch\u00fclern gesehen worden sein. An ihrer Bildungseinrichtung in der Stra\u00dfe Heidst\u00fccken kam sie sp\u00e4ter nicht wie geplant an.<\/p>\n<p>Die bisherigen Suchma\u00dfnahmen, bei der auch ein Personensp\u00fcrhund der Polizei zum Einsatz kam, f\u00fchrten nicht zu ihrem Auffinden, sodass nun \u00f6ffentlich mit zwei Lichtbildern nach Laura gefahndet wird.<\/p>\n<p>Die Vermisste wird wie folgt beschrieben:<\/p>\n<p>   &#8211; scheinbares Alter: 12 Jahre<br \/>\n   &#8211; etwa 165 cm gro\u00df<br \/>\n   &#8211; normale bis leicht kr\u00e4ftige Statur<br \/>\n   &#8211; blonde Haare, zu einem Dutt gebunden<br \/>\n   &#8211; zuletzt bekleidet mit einer schwarzen Leggings, schwarzen<br \/>\n     Winterjacke &#8222;Nike&#8220;, schwarz-wei\u00dfe Sneaker &#8222;Adidas&#8220;<br \/>\n   &#8211; eventuell tr\u00e4gt sie eine Brille mit rotem Gestell und f\u00fchrt<br \/>\n     einen schwarzen Rucksack bei sich<\/p>\n<p>Das zust\u00e4ndige Landeskriminalamt der Region Nord (LKA 145) hat die Ermittlungen \u00fcbernommen.<\/p>\n<p>b)<br \/>\nSeit Freitagabend wird erneut die zw\u00f6lfj\u00e4hrige Aaliyah Jolie Fritzenwanker aus Wilhelmsburg vermisst.<br \/>\nDas M\u00e4dchen hat ihre Wohnanschrift verlassen und ist bisher nicht wieder nach Hause zur\u00fcckgekehrt.<\/p>\n<p>Die bisherigen Suchma\u00dfnahmen der Polizei f\u00fchrten nicht zum Antreffen des Kindes, sodass jetzt mit einem Foto \u00f6ffentlich nach Aaliyah gefahndet wird.<\/p>\n<p>Die Vermisste wird wie folgt beschrieben:<\/p>\n<p>   &#8211; nordafrikanisches Erscheinungsbild<br \/>\n   &#8211; scheinbares Alter 16 &#8211; 19 Jahre<br \/>\n   &#8211; 160 &#8211; 165 cm gro\u00df<br \/>\n   &#8211; schlanke Statur<br \/>\n   &#8211; schwarze, schulterlange und gelockte Haare<br \/>\n   &#8211; bekleidet mit einer roten Jacke<\/p>\n<p>Das M\u00e4dchen konnte zuletzt durch Polizistinnen und Polizisten im Bereich Bremerhaven wohlbehalten angetroffen und im weiteren Verlauf in die Obhut der Erziehungsberechtigten in Hamburg \u00fcbergeben werden.<\/p>\n<p>In diesem Zusammenhang bittet die Polizei Personen, die Hinweise auf den Aufenthaltsorten der Kinder geben k\u00f6nnen, sich unter 040 4286-56789 beim Hinweistelefon der Polizei Hamburg oder bei einer Polizeidienststelle zu melden.<\/p>\n<p>Sollten Sie eine der Vermissten sehen, k\u00f6nnen Sie auch direkt den Polizeinotruf unter 110 kontaktieren.<\/p>\n<p>Mx.<\/p>\n<p class=\"contact-headline\">R\u00fcckfragen der Medien bitte an:<\/p>\n<p class=\"contact-text\">Polizei Hamburg<br \/>Polizeipressestelle \/ P\u00d6A 1<br \/>Thilo Marxsen<br \/>Telefon: 040 4286-56211<br \/>E-Mail: <a href=\"https:\/\/www.presseportal.de\/blaulicht\/pm\/6337\/mailto: polizeipressestelle@polizei.hamburg.de\" class=\"uri-mailto\" target=\"_blank\" rel=\"noopener\"> polizeipressestelle@polizei.hamburg.de<\/a><br \/><a target=\"_blank\" class=\"uri-ext outbound\" rel=\"noopener\" href=\"https:\/\/www.polizei.hamburg\">www.polizei.hamburg<\/a><\/p>\n<p class=\"originator\">Original-Content von: Polizei Hamburg, \u00fcbermittelt durch news aktuell<\/p>\n","protected":false},"excerpt":{"rendered":"14.07.2025 \u2013 18:10 Polizei Hamburg Hamburg (ots) Zeiten: a) seit 14.07.2025, 07:30 Uhr, b) seit 11.07.2025, 23:30 Uhr;&hellip;\n","protected":false},"author":2,"featured_media":267955,"comment_status":"","ping_status":"","sticky":false,"template":"","format":"standard","meta":{"footnotes":""},"categories":[1826],"tags":[29,30,692,7309,691,177,121,178,180,179,181],"class_list":{"0":"post-267954","1":"post","2":"type-post","3":"status-publish","4":"format-standard","5":"has-post-thumbnail","7":"category-hamburg","8":"tag-deutschland","9":"tag-germany","10":"tag-hamburg","11":"tag-hb","12":"tag-hh","13":"tag-kriminalitt","14":"tag-polizei","15":"tag-presse","16":"tag-pressemeldung","17":"tag-pressemitteilung","18":"tag-pressemitteilungen"},"share_on_mastodon":{"url":"https:\/\/pubeurope.com\/@de\/114852609621751373","error":""},"_links":{"self":[{"href":"https:\/\/www.europesays.com\/de\/wp-json\/wp\/v2\/posts\/267954","targetHints":{"allow":["GET"]}}],"collection":[{"href":"https:\/\/www.europesays.com\/de\/wp-json\/wp\/v2\/posts"}],"about":[{"href":"https:\/\/www.europesays.com\/de\/wp-json\/wp\/v2\/types\/post"}],"author":[{"embeddable":true,"href":"https:\/\/www.europesays.com\/de\/wp-json\/wp\/v2\/users\/2"}],"replies":[{"embeddable":true,"href":"https:\/\/www.europesays.com\/de\/wp-json\/wp\/v2\/comments?post=267954"}],"version-history":[{"count":0,"href":"https:\/\/www.europesays.com\/de\/wp-json\/wp\/v2\/posts\/267954\/revisions"}],"wp:featuredmedia":[{"embeddable":true,"href":"https:\/\/www.europesays.com\/de\/wp-json\/wp\/v2\/media\/267955"}],"wp:attachment":[{"href":"https:\/\/www.europesays.com\/de\/wp-json\/wp\/v2\/media?parent=267954"}],"wp:term":[{"taxonomy":"category","embeddable":true,"href":"https:\/\/www.europesays.com\/de\/wp-json\/wp\/v2\/categories?post=267954"},{"taxonomy":"post_tag","embeddable":true,"href":"https:\/\/www.europesays.com\/de\/wp-json\/wp\/v2\/tags?post=267954"}],"curies":[{"name":"wp","href":"https:\/\/api.w.org\/{rel}","templated":true}]}}