{"id":268031,"date":"2025-07-14T17:28:10","date_gmt":"2025-07-14T17:28:10","guid":{"rendered":"https:\/\/www.europesays.com\/de\/268031\/"},"modified":"2025-07-14T17:28:10","modified_gmt":"2025-07-14T17:28:10","slug":"trump-drohte-russland-mit-zoellen-wenn-es-dem-frieden-in-ukraine-nicht-zustimmt","status":"publish","type":"post","link":"https:\/\/www.europesays.com\/de\/268031\/","title":{"rendered":"Trump drohte Russland mit Z\u00f6llen, wenn es dem Frieden in Ukraine nicht zustimmt"},"content":{"rendered":"<p>US-Pr\u00e4sident Donald Trump sagte am Montag, er sei sehr entt\u00e4uscht von Russland, da er von Putin keine Vereinbarung zur Beendigung des Krieges erhalten habe, und drohte der russischen Seite mit \u201esehr heftigen Z\u00f6llen\u201c .<\/p>\n<p>Das sagte Trump bei einem Treffen mit NATO-Generalsekret\u00e4r Mark Rutte im Wei\u00dfen Haus, meldet Ukrinform.<\/p>\n<p>Er sei entt\u00e4uscht von Pr\u00e4sident Putin, weil er dachte, wir h\u00e4tten vor zwei Monaten einen Deal, aber dazu scheint es nicht gekommen zu sein, sagte Trump.<\/p>\n<p>&#8222;Wir werden sehr strenge Z\u00f6lle erheben, wenn wir nicht innerhalb von 50 Tagen eine Einigung erzielen&#8220;,\u00a0betonte er.<\/p>\n<p>Das Abkommen \u00fcber die Beendigung des Krieges in der Ukraine h\u00e4tte schon vor langer Zeit abgeschlossen werden sollen, erkl\u00e4rte US-Pr\u00e4sident und betonte, dass es darauf abzielt, den Tod von Menschen zu stoppen.<\/p>\n<p>Foto: White House<\/p>\n","protected":false},"excerpt":{"rendered":"US-Pr\u00e4sident Donald Trump sagte am Montag, er sei sehr entt\u00e4uscht von Russland, da er von Putin keine Vereinbarung&hellip;\n","protected":false},"author":2,"featured_media":268032,"comment_status":"","ping_status":"","sticky":false,"template":"","format":"standard","meta":{"footnotes":""},"categories":[4013],"tags":[331,332,13,14,15,4043,4044,850,307,12],"class_list":{"0":"post-268031","1":"post","2":"type-post","3":"status-publish","4":"format-standard","5":"has-post-thumbnail","7":"category-russland","8":"tag-aktuelle-nachrichten","9":"tag-aktuelle-news","10":"tag-headlines","11":"tag-nachrichten","12":"tag-news","13":"tag-russia","14":"tag-russian-federation","15":"tag-russische-foederation","16":"tag-russland","17":"tag-schlagzeilen"},"share_on_mastodon":{"url":"https:\/\/pubeurope.com\/@de\/114852770803489645","error":""},"_links":{"self":[{"href":"https:\/\/www.europesays.com\/de\/wp-json\/wp\/v2\/posts\/268031","targetHints":{"allow":["GET"]}}],"collection":[{"href":"https:\/\/www.europesays.com\/de\/wp-json\/wp\/v2\/posts"}],"about":[{"href":"https:\/\/www.europesays.com\/de\/wp-json\/wp\/v2\/types\/post"}],"author":[{"embeddable":true,"href":"https:\/\/www.europesays.com\/de\/wp-json\/wp\/v2\/users\/2"}],"replies":[{"embeddable":true,"href":"https:\/\/www.europesays.com\/de\/wp-json\/wp\/v2\/comments?post=268031"}],"version-history":[{"count":0,"href":"https:\/\/www.europesays.com\/de\/wp-json\/wp\/v2\/posts\/268031\/revisions"}],"wp:featuredmedia":[{"embeddable":true,"href":"https:\/\/www.europesays.com\/de\/wp-json\/wp\/v2\/media\/268032"}],"wp:attachment":[{"href":"https:\/\/www.europesays.com\/de\/wp-json\/wp\/v2\/media?parent=268031"}],"wp:term":[{"taxonomy":"category","embeddable":true,"href":"https:\/\/www.europesays.com\/de\/wp-json\/wp\/v2\/categories?post=268031"},{"taxonomy":"post_tag","embeddable":true,"href":"https:\/\/www.europesays.com\/de\/wp-json\/wp\/v2\/tags?post=268031"}],"curies":[{"name":"wp","href":"https:\/\/api.w.org\/{rel}","templated":true}]}}