{"id":268033,"date":"2025-07-14T17:29:09","date_gmt":"2025-07-14T17:29:09","guid":{"rendered":"https:\/\/www.europesays.com\/de\/268033\/"},"modified":"2025-07-14T17:29:09","modified_gmt":"2025-07-14T17:29:09","slug":"trumps-unberechenbarkeit-hat-etwas-gutes","status":"publish","type":"post","link":"https:\/\/www.europesays.com\/de\/268033\/","title":{"rendered":"Trumps Unberechenbarkeit hat etwas Gutes"},"content":{"rendered":"<p class=\"paragraph tw-mx-auto tw-mb-6\">Um es positiv zu sehen: F\u00fcr die Ukraine ist es eine wirklich gute Nachricht, dass US-Pr\u00e4sident Donald Trump sich nun bereit erkl\u00e4rt hat, Patriot-Systeme f\u00fcr das Land an die Europ\u00e4ische Union zu verkaufen. Auch die USA k\u00f6nnen dar\u00fcber nicht klagen, denn schlie\u00dflich machen sie ein \u201eGesch\u00e4ft\u201c, wie Trump es formulierte.<\/p>\n<p>Unklar, wie lange Trumps Ver\u00e4rgerung anh\u00e4lt<\/p>\n<p class=\"paragraph tw-mx-auto tw-mb-6\">Die Europ\u00e4er m\u00fcssen sich allerdings fragen, was sie in den vergangenen Jahren alles falsch gemacht haben, wenn sie bei der Verteidigung ihres Kontinents derma\u00dfen abh\u00e4ngig sind von den Launen und Erkenntnissen des US-Pr\u00e4sidenten. Neueste Wendung: Trump ist jetzt ver\u00e4rgert, weil der russische Pr\u00e4sident Wladimir \u201enett\u201c oder \u201esch\u00f6n\u201c redet und dennoch Menschen bombardiert. Wie lange dieser Gem\u00fctszustand anh\u00e4lt, ist allerdings ungewiss. Im Sinne der Ukraine hoffentlich lange genug, bis die USA die Waffen verkauft haben.<\/p>\n<p>Europ\u00e4er m\u00fcssten Gunst der Stunde nutzen<\/p>\n<p class=\"paragraph tw-mx-auto tw-mb-6\">Die Fehler der Vergangenheit lassen sich nicht zur\u00fcckdrehen, deshalb m\u00fcssten die Europ\u00e4er die Gunst der Stunde nutzen. Daran werden sich allerdings nur wenige EU-Mitgliedsl\u00e4ndern beteiligen \u2013 sei es aus politischen oder finanziellen Gr\u00fcnden. F\u00fcr vier Patriot-Systeme hat die Bundesregierung im vergangenen rund 1,4 Milliarden Euro bezahlt; eine Rakete kostet, abh\u00e4ngig von verschiedenen Faktoren, zwischen knapp vier und sieben Millionen Euro. Dieses Geld muss erst einmal da sein.<\/p>\n<p class=\"paragraph tw-mx-auto tw-mb-6\">Dass der russische Pr\u00e4sident Wladimir Putin von der Trumpschen Ank\u00fcndigung in irgendeiner Weise beeindruckt sein wird, ist nicht zu erwarten. Er hat den US-Pr\u00e4sidenten ohnehin nie ernst genommen.<\/p>\n<p class=\"paragraph tw-mx-auto tw-mb-6\">&#8211;<\/p>\n","protected":false},"excerpt":{"rendered":"Um es positiv zu sehen: F\u00fcr die Ukraine ist es eine wirklich gute Nachricht, dass US-Pr\u00e4sident Donald Trump&hellip;\n","protected":false},"author":2,"featured_media":268034,"comment_status":"","ping_status":"","sticky":false,"template":"","format":"standard","meta":{"footnotes":""},"categories":[4012],"tags":[331,332,3952,666,13,14,15,78643,111,12,113,317,1712,52370,4743],"class_list":{"0":"post-268033","1":"post","2":"type-post","3":"status-publish","4":"format-standard","5":"has-post-thumbnail","7":"category-ukraine","8":"tag-aktuelle-nachrichten","9":"tag-aktuelle-news","10":"tag-europaeer","11":"tag-geld","12":"tag-headlines","13":"tag-nachrichten","14":"tag-news","15":"tag-patriot-systeme","16":"tag-putin","17":"tag-schlagzeilen","18":"tag-trump","19":"tag-ukraine","20":"tag-ukraine-krieg","21":"tag-unberechenbarkeit","22":"tag-waffen"},"share_on_mastodon":{"url":"https:\/\/pubeurope.com\/@de\/114852775227965683","error":""},"_links":{"self":[{"href":"https:\/\/www.europesays.com\/de\/wp-json\/wp\/v2\/posts\/268033","targetHints":{"allow":["GET"]}}],"collection":[{"href":"https:\/\/www.europesays.com\/de\/wp-json\/wp\/v2\/posts"}],"about":[{"href":"https:\/\/www.europesays.com\/de\/wp-json\/wp\/v2\/types\/post"}],"author":[{"embeddable":true,"href":"https:\/\/www.europesays.com\/de\/wp-json\/wp\/v2\/users\/2"}],"replies":[{"embeddable":true,"href":"https:\/\/www.europesays.com\/de\/wp-json\/wp\/v2\/comments?post=268033"}],"version-history":[{"count":0,"href":"https:\/\/www.europesays.com\/de\/wp-json\/wp\/v2\/posts\/268033\/revisions"}],"wp:featuredmedia":[{"embeddable":true,"href":"https:\/\/www.europesays.com\/de\/wp-json\/wp\/v2\/media\/268034"}],"wp:attachment":[{"href":"https:\/\/www.europesays.com\/de\/wp-json\/wp\/v2\/media?parent=268033"}],"wp:term":[{"taxonomy":"category","embeddable":true,"href":"https:\/\/www.europesays.com\/de\/wp-json\/wp\/v2\/categories?post=268033"},{"taxonomy":"post_tag","embeddable":true,"href":"https:\/\/www.europesays.com\/de\/wp-json\/wp\/v2\/tags?post=268033"}],"curies":[{"name":"wp","href":"https:\/\/api.w.org\/{rel}","templated":true}]}}