{"id":268130,"date":"2025-07-14T18:23:09","date_gmt":"2025-07-14T18:23:09","guid":{"rendered":"https:\/\/www.europesays.com\/de\/268130\/"},"modified":"2025-07-14T18:23:09","modified_gmt":"2025-07-14T18:23:09","slug":"auf-dem-weg-nach-innsbruck-jimi-blue-ochsenknecht-macht-zwischenstopp-in-jva-stadelheim","status":"publish","type":"post","link":"https:\/\/www.europesays.com\/de\/268130\/","title":{"rendered":"Auf dem Weg nach Innsbruck: Jimi Blue Ochsenknecht macht Zwischenstopp in JVA Stadelheim"},"content":{"rendered":"<p>                    Auf dem Weg nach Innsbruck<br \/>\n                Jimi Blue Ochsenknecht macht Zwischenstopp in JVA Stadelheim<\/p>\n<p>\t\t\t\t              14.07.2025, 19:42 Uhr<\/p>\n<p>\t\t\t\t\t       Artikel anh\u00f6ren<\/p>\n<p>\t\t\t\t\t\t\tDiese Audioversion wurde k\u00fcnstlich generiert. <a href=\"https:\/\/www.n-tv.de\/23249898\" rel=\"nofollow noopener\" target=\"_blank\">Mehr Infos<\/a><\/p>\n<p><strong>Nach Betrugsvorw\u00fcrfen in \u00d6sterreich wird Jimi Blue Ochsenknecht von Deutschland aus \u00fcberstellt. Nach Stationen in Niedersachsen und Hessen hat der 33-J\u00e4hrige inzwischen die JVA in M\u00fcnchen erreicht.<\/strong><\/p>\n<p>Nach Betrugsvorw\u00fcrfen der \u00f6sterreichischen Justiz ist der Schauspieler und Musiker Jimi Blue Ochsenknecht noch immer per Gefangenentransport durch Deutschland Richtung S\u00fcden unterwegs. Inzwischen ist der 33-J\u00e4hrige in der Justizvollzugsanstalt M\u00fcnchen-Stadelheim angekommen. <\/p>\n<p>Gestartet war der Transport am Dienstag vergangener Woche in Hamburg, wo Ochsenknecht aufgrund eines von den \u00f6sterreichischen Beh\u00f6rden erwirkten europ\u00e4ischen Haftbefehls festgenommen worden war. Es folgten Stationen in Niedersachsen und Hessen. <\/p>\n<p>Gegen den Schauspieler wird in \u00d6sterreich wegen Betrugs ermittelt. Der Sohn von Uwe Ochsenknecht hatte Ende 2021 in einem Hotel in Tirol mehrere Tage lang einen Geburtstag gefeiert und soll die fast 14.000 Euro hohe Rechnung trotz mehrfacher Ermahnung, Ratenzahlungsangeboten und Gerichtsverhandlungen nicht gezahlt haben.<\/p>\n<p>Ochsenknecht war dann Ende Juni nach der Landung am Hamburger Flughafen vorl\u00e4ufig festgenommen und in Untersuchungshaft genommen worden. Gegen ihn lag ein internationaler Haftbefehl vor. &#8222;Ich h\u00e4tte wissen m\u00fcssen, wie ernst die Situation ist und ich h\u00e4tte es niemals so weit kommen lassen. Das war falsch&#8220;, schrieb er auf Instagram. <\/p>\n<p>Das Hanseatische Oberlandesgericht erkl\u00e4rte die von der Generalstaatsanwaltschaft Hamburg bewilligte Auslieferung des Schauspielers f\u00fcr zul\u00e4ssig. Bei Auslands\u00fcberstellungen, wie im Fall von Jimi Blue Ochsenknecht nach \u00d6sterreich, f\u00e4hrt der Transport eine grenznahe Anstalt an. Dort organisieren die Beh\u00f6rden die \u00dcbergabe an das jeweilige Ausland. <\/p>\n<p>Jimi Blue Ochsenknecht ist eines von drei Kindern des Schauspielers Uwe Ochsenknecht und dem Model Natascha Ochsenknecht. Das Paar ist mittlerweile getrennt. Jimi Blues Geschwister sind Wilson Gonzalez und Cheyenne Savannah. Einem breiten Fernsehpublikum ist die Familie aus &#8222;Die wilden Kerle&#8220; und der Reality-Doku &#8222;Diese Ochsenkechts&#8220; bekannt.<\/p>\n","protected":false},"excerpt":{"rendered":"Auf dem Weg nach Innsbruck Jimi Blue Ochsenknecht macht Zwischenstopp in JVA Stadelheim 14.07.2025, 19:42 Uhr Artikel anh\u00f6ren&hellip;\n","protected":false},"author":2,"featured_media":268131,"comment_status":"","ping_status":"","sticky":false,"template":"","format":"standard","meta":{"footnotes":""},"categories":[155],"tags":[29,214,30,1015,1268,1433,215],"class_list":{"0":"post-268130","1":"post","2":"type-post","3":"status-publish","4":"format-standard","5":"has-post-thumbnail","7":"category-unterhaltung","8":"tag-deutschland","9":"tag-entertainment","10":"tag-germany","11":"tag-justiz","12":"tag-muenchen","13":"tag-oesterreich","14":"tag-unterhaltung"},"share_on_mastodon":{"url":"https:\/\/pubeurope.com\/@de\/114852987041033371","error":""},"_links":{"self":[{"href":"https:\/\/www.europesays.com\/de\/wp-json\/wp\/v2\/posts\/268130","targetHints":{"allow":["GET"]}}],"collection":[{"href":"https:\/\/www.europesays.com\/de\/wp-json\/wp\/v2\/posts"}],"about":[{"href":"https:\/\/www.europesays.com\/de\/wp-json\/wp\/v2\/types\/post"}],"author":[{"embeddable":true,"href":"https:\/\/www.europesays.com\/de\/wp-json\/wp\/v2\/users\/2"}],"replies":[{"embeddable":true,"href":"https:\/\/www.europesays.com\/de\/wp-json\/wp\/v2\/comments?post=268130"}],"version-history":[{"count":0,"href":"https:\/\/www.europesays.com\/de\/wp-json\/wp\/v2\/posts\/268130\/revisions"}],"wp:featuredmedia":[{"embeddable":true,"href":"https:\/\/www.europesays.com\/de\/wp-json\/wp\/v2\/media\/268131"}],"wp:attachment":[{"href":"https:\/\/www.europesays.com\/de\/wp-json\/wp\/v2\/media?parent=268130"}],"wp:term":[{"taxonomy":"category","embeddable":true,"href":"https:\/\/www.europesays.com\/de\/wp-json\/wp\/v2\/categories?post=268130"},{"taxonomy":"post_tag","embeddable":true,"href":"https:\/\/www.europesays.com\/de\/wp-json\/wp\/v2\/tags?post=268130"}],"curies":[{"name":"wp","href":"https:\/\/api.w.org\/{rel}","templated":true}]}}