{"id":268220,"date":"2025-07-14T19:19:15","date_gmt":"2025-07-14T19:19:15","guid":{"rendered":"https:\/\/www.europesays.com\/de\/268220\/"},"modified":"2025-07-14T19:19:15","modified_gmt":"2025-07-14T19:19:15","slug":"feuerwehreinsatz-in-albstadt-angebranntes-essen-polizei-nimmt-koch-mit-albstadt","status":"publish","type":"post","link":"https:\/\/www.europesays.com\/de\/268220\/","title":{"rendered":"Feuerwehreinsatz in Albstadt: Angebranntes Essen \u2013 Polizei nimmt Koch mit &#8211; Albstadt"},"content":{"rendered":"<p>Ein <a href=\"https:\/\/www.schwarzwaelder-bote.de\/inhalt.in-studentenwohnheim-in-ebingen-angebranntes-essen-ruft-feuerwehr-auf-den-plan-bewohner-fluechten.c720234a-15bf-4932-846f-769bb87af1b4.html\" target=\"_blank\" rel=\"nofollow noopener\">angebranntes Essen<\/a> hat in der Nacht zum Montag die <a href=\"https:\/\/www.schwarzwaelder-bote.de\/thema\/Feuerwehr\" title=\"Feuerwehr\" class=\"art_thema\" rel=\"nofollow noopener\" target=\"_blank\">Feuerwehr<\/a> auf den Plan gerufen. F\u00fcr den Koch endete der Einsatz im Polizeiwagen. <\/p>\n<p> Gegen 23.30 Uhr wurde die Feuerwehr in die Bitzer Steige gerufen. Gemeldet war \u201eStarker Rauch\u201c aus einer Wohnungst\u00fcre im Erdgeschoss. Davon war bei Eintreffen der Wehrleute jedoch nicht mehr viel zu sehen. Die <a href=\"https:\/\/www.schwarzwaelder-bote.de\/thema\/Polizei\" title=\"Polizei\" class=\"art_thema\" rel=\"nofollow noopener\" target=\"_blank\">Polizei<\/a> war bereits vor Ort und kl\u00e4rte die Feuerwehrleute auf: Ein Bewohner habe wohl versucht, <a href=\"https:\/\/www.schwarzwaelder-bote.de\/inhalt.kuechenbrand-in-ebingen-durch-fettexplosion-an-der-hand-verletzt.7e9c717f-cf43-4611-8e9f-cdc1bbf8a7b5.html\" target=\"_blank\" rel=\"nofollow noopener\">Essen zu kochen<\/a>, und war dabei \u2013 mutma\u00dflich aufgrund enormem Alkoholkonsums \u2013 eingeschlafen. Er wurde vor Ort vom Roten Kreuz betreut und dann von der Polizei zur Blutentnahme ins Krankenhaus gebracht. <\/p>\n<p>  <img decoding=\"async\" loading=\"lazy\" src=\"https:\/\/www.europesays.com\/de\/wp-content\/uploads\/2025\/07\/media.media.a239b2af-ba16-4330-88f4-7b5543c0651b.original1024.media.jpeg\"\/>     Auch das Rote Kreuz war im Einsatz und versorgte den betrunkenen Bewohner.    Foto: Jannik N\u00f6lke    <\/p>\n<p>Da er sich wenig kooperativ zeigte, f\u00fchrten die Beamten ihn in Handschellen ab \u2013 mit wenig Kleidung am K\u00f6rper. Ein Eingreifen der Feuerwehr war nicht mehr n\u00f6tig. Sie bel\u00fcftete nur die Wohnung. <\/p>\n<p>Immer wieder Eins\u00e4tze im Geb\u00e4ude <\/p>\n<p>Laut einem Zugf\u00fchrer geh\u00f6rt das Geb\u00e4ude zu den Problem-Objekten, zu denen die Feuerwehr regelm\u00e4\u00dfig ausr\u00fccken muss. Ein Bewohner berichtet zudem von regelm\u00e4\u00dfigen Polizeieins\u00e4tzen wegen L\u00e4rm oder Drogen \u2013 zu jeder erdenklichen Tageszeit. <\/p>\n","protected":false},"excerpt":{"rendered":"Ein angebranntes Essen hat in der Nacht zum Montag die Feuerwehr auf den Plan gerufen. F\u00fcr den Koch&hellip;\n","protected":false},"author":2,"featured_media":268221,"comment_status":"","ping_status":"","sticky":false,"template":"","format":"standard","meta":{"footnotes":""},"categories":[1834],"tags":[5100,12718,976,76039,80651,1950,3364,29,70832,3688,985,30,1209,121,17049],"class_list":{"0":"post-268220","1":"post","2":"type-post","3":"status-publish","4":"format-standard","5":"has-post-thumbnail","7":"category-essen","8":"tag-rotes-kreuz","9":"tag-drk","10":"tag-albstadt","11":"tag-albstadt-umgebung","12":"tag-bitzer-steige","13":"tag-blaulicht","14":"tag-de","15":"tag-deutschland","16":"tag-ebingen","17":"tag-essen","18":"tag-feuerwehr","19":"tag-germany","20":"tag-nordrhein-westfalen","21":"tag-polizei","22":"tag-zollernalbkreis"},"share_on_mastodon":{"url":"https:\/\/pubeurope.com\/@de\/114853207352257797","error":""},"_links":{"self":[{"href":"https:\/\/www.europesays.com\/de\/wp-json\/wp\/v2\/posts\/268220","targetHints":{"allow":["GET"]}}],"collection":[{"href":"https:\/\/www.europesays.com\/de\/wp-json\/wp\/v2\/posts"}],"about":[{"href":"https:\/\/www.europesays.com\/de\/wp-json\/wp\/v2\/types\/post"}],"author":[{"embeddable":true,"href":"https:\/\/www.europesays.com\/de\/wp-json\/wp\/v2\/users\/2"}],"replies":[{"embeddable":true,"href":"https:\/\/www.europesays.com\/de\/wp-json\/wp\/v2\/comments?post=268220"}],"version-history":[{"count":0,"href":"https:\/\/www.europesays.com\/de\/wp-json\/wp\/v2\/posts\/268220\/revisions"}],"wp:featuredmedia":[{"embeddable":true,"href":"https:\/\/www.europesays.com\/de\/wp-json\/wp\/v2\/media\/268221"}],"wp:attachment":[{"href":"https:\/\/www.europesays.com\/de\/wp-json\/wp\/v2\/media?parent=268220"}],"wp:term":[{"taxonomy":"category","embeddable":true,"href":"https:\/\/www.europesays.com\/de\/wp-json\/wp\/v2\/categories?post=268220"},{"taxonomy":"post_tag","embeddable":true,"href":"https:\/\/www.europesays.com\/de\/wp-json\/wp\/v2\/tags?post=268220"}],"curies":[{"name":"wp","href":"https:\/\/api.w.org\/{rel}","templated":true}]}}