{"id":268429,"date":"2025-07-14T21:12:14","date_gmt":"2025-07-14T21:12:14","guid":{"rendered":"https:\/\/www.europesays.com\/de\/268429\/"},"modified":"2025-07-14T21:12:14","modified_gmt":"2025-07-14T21:12:14","slug":"erlanger-firma-insolvent-rund-150-mitarbeiter-bangen-um-job","status":"publish","type":"post","link":"https:\/\/www.europesays.com\/de\/268429\/","title":{"rendered":"Erlanger Firma insolvent &#8211; rund 150 Mitarbeiter bangen um Job"},"content":{"rendered":"<p><strong><br \/>\n           In Erlangen hat ein \u00fcber 35 Jahre alter Betrieb Insolvenz angemeldet. Schuld sind Umsatzr\u00fcckg\u00e4nge. Wie geht es f\u00fcr die Firma und ihre rund 150 Mitarbeiter jetzt weiter?<br \/>\n          <\/strong>\n          <\/p>\n<p>Frankenweit sehen sich derzeit zahlreiche Unternehmen mit finanziellen Schwierigkeiten konfrontiert. Der angeschlagene Dienstleister Dataform aus Ro\u00dftal (Landkreis F\u00fcrth) <a href=\"https:\/\/www.infranken.de\/lk\/fuerth\/kreis-fuerth-verkauf-von-logistikbetrieb-dataform-was-wird-aus-den-230-mitarbeitern-art-6237599\" title=\"Kreis F\u00fcrth: Verkauf von Logistikbetrieb Dataform - was wird aus den 230 Mitarbeitern?\" rel=\"nofollow noopener\" target=\"_blank\">wurde unl\u00e4ngst verkauft.<\/a> Die rund 230 Besch\u00e4ftigten wurden dem neuen Eigent\u00fcmer zufolge \u00fcbernommen. Unklar ist hingegen, wie es mit der Defacto GmbH mit Sitz in Erlangen weitergeht. Das Technologie- und Beratungsunternehmen, das sich auf die digitale Transformation im Kunden-, Daten- und Prozess-Management spezialisiert hat, befindet sich in wirtschaftlicher Schieflage.<\/p>\n<p>Das 1989 gegr\u00fcndete Unternehmen hat einen Insolvenzantrag gestellt. Der Gesch\u00e4ftsbetrieb laufe aktuell in vollem Umfang weiter, erkl\u00e4rt die Kanzlei Schultze &amp; Braun, die ihrerseits nun versucht, den kriselnden Akteur nachhaltig neu aufzustellen. &#8222;Die Auftr\u00e4ge und Projekte werden wie geplant bearbeitet und umgesetzt&#8220;, hei\u00dft es in einer aktuellen Medieninformation. Laut Kanzleiangaben besch\u00e4ftigt Defacto gegenw\u00e4rtig rund 150 Arbeitnehmer. Ziel sei jetzt der Erhalt m\u00f6glichst vieler Arbeitspl\u00e4tze.\u00a0<\/p>\n<p>Erlanger Defacto GmbH meldet Insolvenz an &#8211; &#8222;unvorhersehbare und kurzfristige Umsatzr\u00fcckg\u00e4nge&#8220;<\/p>\n<p>&#8222;Wir starten umgehend mit der Ansprache potenzieller Investoren&#8220;, wird Rechtsanwalt Volker B\u00f6hm von Schultze &amp; Braun zitiert, der vom Amtsgericht F\u00fcrth zum vorl\u00e4ufigen Insolvenzverwalter bestellt wurde. &#8222;Erste Gespr\u00e4che hatte Defacto bereits vor dem Insolvenzantrag gef\u00fchrt, daran kn\u00fcpfen wir umgehend an&#8220;, so B\u00f6hm. Grund f\u00fcr die \u00f6konomische Talfahrt seien &#8222;unvorhersehbare und kurzfristige Umsatzr\u00fcckg\u00e4nge&#8220; durch die Verschiebung und Absage von eingeplanten Kundenauftr\u00e4gen gewesen. Die dadurch entstandene Liquidit\u00e4tsl\u00fccke habe das Unternehmen aus eigener Kraft nicht mehr schlie\u00dfen k\u00f6nnen.<\/p>\n<p>Unsere Top-Nachrichten des Tages f\u00fcr deinen schnellen \u00dcberblick am Abend.<\/p>\n<p>\n                      Nichts verpassen mit dem Top-Themen-Newsletter t\u00e4glich um 18 Uhr\n                <\/p>\n<p class=\"hint\">Mit deiner Registrierung nimmst du die <a href=\"https:\/\/www.infranken.de\/datenschutz\/datenschutz-art-3144\" target=\"_blank\" rel=\"nofollow noopener\">Datenschutzerkl\u00e4rung<\/a> zur Kenntnis<\/p>\n<p>Das Gesch\u00e4ftsmodell der Erlanger Firma: Wie die Insolvenzkanzlei schildert, unterst\u00fctzt Defacto Unternehmen branchen\u00fcbergreifend dabei, Kundenbeziehungen nachhaltig zu gestalten und optimieren, indem es Technologien wie beispielsweise K\u00fcnstliche Intelligenz einsetzt. Zu den Kunden des \u00fcber 35 Jahre alten mittelfr\u00e4nkischen Betriebs z\u00e4hlen Akteure aus den Bereichen Einzelhandel, Automotive, Pharma, Finanzen und weiteren Branchen.\u00a0<\/p>\n<p>Welche Auswirkungen hat die Insolvenz f\u00fcr die Belegschaft? &#8222;Die L\u00f6hne und Geh\u00e4lter der rund 150 Mitarbeitenden von Defacto sind bis Ende September \u00fcber das sogenannte Insolvenzgeld gesichert&#8220;, hei\u00dft es in der am 11. Juli ver\u00f6ffentlichten Kanzleimitteilung. Das gestartete Verfahren soll genutzt werden, um die begonnene Neuausrichtung fortzusetzen und abzuschlie\u00dfen. &#8222;Ich bin zuversichtlich, dass dies gelingen kann, da Defacto grunds\u00e4tzlich ein zukunftsf\u00e4higes Gesch\u00e4ftsmodell hat&#8220;, erkl\u00e4rt der vorl\u00e4ufige Insolvenzverwalter.<\/p>\n<p>Investor f\u00fcr \u00fcber 35 Jahre altes Unternehmen gesucht &#8211; rund 150 Mitarbeiter m\u00fcssen bangen<\/p>\n<p>Die Besch\u00e4ftigten des Technologie- und Beratungsunternehmen seien bereits \u00fcber die aktuelle Situation und die n\u00e4chsten Schritte informiert worden. Tochtergesellschaften der Defacto GmbH sind laut Kanzlei vom vorl\u00e4ufigen Insolvenzverfahren ausgenommen.<\/p>\n<p>Keine Zukunft hat indessen die Firma Formenbau K\u00f6hler mit Sitz in Veitsbronn im Kreis F\u00fcrth. Nach der erfolgten Gesch\u00e4ftsaufgabe werden momentan Maschinen und andere Gegenst\u00e4nde aus dem Fundus des Unternehmens <a href=\"https:\/\/www.infranken.de\/lk\/fuerth\/kreis-fuerth-formenbauer-hat-betrieb-eingestellt-maschinen-werden-versteigert-art-6239039\" title=\"Kreis F\u00fcrth: Formenbauer hat Betrieb eingestellt - Maschinen werden versteigert\" rel=\"nofollow noopener\" target=\"_blank\">im Zuge einer Onlineauktion versteigert.<\/a> Auch ein 500-Kilo-Kran mit Kettenzug findet sich unter den Losen.<\/p>\n","protected":false},"excerpt":{"rendered":"In Erlangen hat ein \u00fcber 35 Jahre alter Betrieb Insolvenz angemeldet. Schuld sind Umsatzr\u00fcckg\u00e4nge. Wie geht es f\u00fcr&hellip;\n","protected":false},"author":2,"featured_media":268430,"comment_status":"","ping_status":"","sticky":false,"template":"","format":"standard","meta":{"footnotes":""},"categories":[134],"tags":[175,170,169,29,30,171,174,173,172],"class_list":{"0":"post-268429","1":"post","2":"type-post","3":"status-publish","4":"format-standard","5":"has-post-thumbnail","7":"category-unternehmen-maerkte","8":"tag-business","9":"tag-companies","10":"tag-companies-markets","11":"tag-deutschland","12":"tag-germany","13":"tag-markets","14":"tag-maerkte","15":"tag-unternehmen","16":"tag-unternehmen-maerkte"},"share_on_mastodon":{"url":"https:\/\/pubeurope.com\/@de\/114853651691451939","error":""},"_links":{"self":[{"href":"https:\/\/www.europesays.com\/de\/wp-json\/wp\/v2\/posts\/268429","targetHints":{"allow":["GET"]}}],"collection":[{"href":"https:\/\/www.europesays.com\/de\/wp-json\/wp\/v2\/posts"}],"about":[{"href":"https:\/\/www.europesays.com\/de\/wp-json\/wp\/v2\/types\/post"}],"author":[{"embeddable":true,"href":"https:\/\/www.europesays.com\/de\/wp-json\/wp\/v2\/users\/2"}],"replies":[{"embeddable":true,"href":"https:\/\/www.europesays.com\/de\/wp-json\/wp\/v2\/comments?post=268429"}],"version-history":[{"count":0,"href":"https:\/\/www.europesays.com\/de\/wp-json\/wp\/v2\/posts\/268429\/revisions"}],"wp:featuredmedia":[{"embeddable":true,"href":"https:\/\/www.europesays.com\/de\/wp-json\/wp\/v2\/media\/268430"}],"wp:attachment":[{"href":"https:\/\/www.europesays.com\/de\/wp-json\/wp\/v2\/media?parent=268429"}],"wp:term":[{"taxonomy":"category","embeddable":true,"href":"https:\/\/www.europesays.com\/de\/wp-json\/wp\/v2\/categories?post=268429"},{"taxonomy":"post_tag","embeddable":true,"href":"https:\/\/www.europesays.com\/de\/wp-json\/wp\/v2\/tags?post=268429"}],"curies":[{"name":"wp","href":"https:\/\/api.w.org\/{rel}","templated":true}]}}