{"id":268727,"date":"2025-07-15T00:06:14","date_gmt":"2025-07-15T00:06:14","guid":{"rendered":"https:\/\/www.europesays.com\/de\/268727\/"},"modified":"2025-07-15T00:06:14","modified_gmt":"2025-07-15T00:06:14","slug":"samsung-galaxy-fold-7-und-galaxy-flip-7-das-koennen-die-neuen-falter","status":"publish","type":"post","link":"https:\/\/www.europesays.com\/de\/268727\/","title":{"rendered":"Samsung Galaxy Fold 7 und Galaxy Flip 7: das k\u00f6nnen die neuen Falter"},"content":{"rendered":"<p><strong>Nach wie vor ist ein faltbares iPhone\/ iPad von Apple nicht zu sehen, wenngleich sich die Indizien f\u00fcr einen mittelfristigen Marktstart immer mehr h\u00e4ufen. Samsung im Gegensatz setzt konsequent auf faltbare Ger\u00e4te und stellte nun das neue Galaxy Fold und das neue Flip \u00a0in der jeweils siebten Auflage vor. Wir geben einen kurzen \u00dcberblick.\u00a0<\/strong><\/p>\n<p>Galaxy Fold 7<\/p>\n<p>Das Galaxy Z Fold 7, welches weiterhin im Book-Cover-Style angeboten wird, \u00a0wurde verschlankt und verbreitert. In aufgeklappter Form betragen die Ma\u00dfe 158,4 x 143,2 x 4,2 Millimeter, wobei das Kameramodul mehrere Millimeter absteht. Faltet man das Fold 7, so ergeben sich Abmessungen von 158,4 x 72,8 x 8,9, was im Prinzip einem recht gro\u00dfen, \u201enormalen\u201c Smartphone entspricht. Mit 216 Gramm liegt auch das Gewicht auf diesem Niveau und putzt so die beiden gr\u00f6\u00dften Kritikpunkte des Vorg\u00e4ngers, auch mit Blick auf die Wettbewerber, aus. Zumindest in Europa ist es das d\u00fcnnste Foldable, welches man offiziell kaufen kann. Die Konkurrenten, die d\u00fcnner sind, werden zumindest vom Hersteller nicht offiziell angeboten und k\u00f6nnen nur \u00fcber Graumimporte erworben werden. Das Cover-Display, das man im gefalteten Zustand verwendet, liefert eine Bilddiagonale von 6,5 Zoll, das ausfaltbare \u201eFlex Display\u201c hingegen bietet mit 8,0 Zoll den \u201eScreenspace\u201c eines kleinen Tablets. Bei beiden Bildschirmen setzt Samsung auf die AMOLED-Technologie mit einer Spitzenhelligkeit von bis zu 2600 Nits. Samsung hat daf\u00fcr unter anderem den Faltmechanismus \u00fcberarbeitet.<\/p>\n<p>Das Galaxy Fold 7 wird von einem Snapdragon 8 Elite \u201eMade for Galaxy\u201c angetrieben, es handelt sich hier um eine f\u00fcr Samsung speziell \u00fcbertaktete Variante des SoC. Wer sich mit 256 GB Speicher oder 512 GB Speicher zufriedengibt, bekommt 12 GB RAM spendiert, 16 GB RAM gibt es nur in der Version mit 1 TB Speicher. Das Fold 7 unterst\u00fctzt 5G, Wifi 7 (802.11be), Bluetooth 5.3. Es gibt zwei nanoSIM-Slots sowie ein eSIM-Modul. Im DualSIM-Betrieb k\u00f6nnen entweder zwei physische SIM-Karten oder eine SIM und eine eSIM kombiniert werden. Als Stromspeicher ist ein 4400 mAh Akku enthalten. Geladen wird mittels USB-C oder kabellos, die Geschwindigkeiten sind mit maximal 25 Watt bzw. 15 Watt gewohnt konservativ gew\u00e4hlt. Reverse Charging ist ebenfalls wieder verf\u00fcgbar.<\/p>\n<p>Aufseiten der Software kommt Android 16 zum Einsatz, welches als Basis f\u00fcr OneUI 8 dient. Versprochen werden eine Reihe Verbesserungen f\u00fcr die Nutzung des gro\u00dfen Displays, etwa bei der Multi-Window-Funktion, dem Flex-Modus und der Taskbar. Ebenso bringt das System einen \u00fcberarbeiteten Dex-Modus mit, der das Telefon beim Anschluss an einen externen Bildschirm zum Ersatz f\u00fcr einen Desktoprechner machen soll. Samsung verspricht sieben gro\u00dfe Android-Updates, also d\u00fcrfen sich K\u00e4ufer \u00fcber Android 23 freuen, sowie die gleiche Anzahl an Sicherheitsupdates.\u00a0Die Hauptkamera verf\u00fcgt \u00fcber 200 MP, vergr\u00f6\u00dfert den Sensor aber um 44% gegen\u00fcber der Kamera im Fold 6.Kombiniert wird er mit einem 12-MP-Ultraweitwinkel und einer 10-MP-Telekamera, die dreifache optische Vergr\u00f6\u00dferung bietet. Die beiden Frontkameras (au\u00dfen und innen) sind identisch und bieten eine Aufl\u00f6sung von 10 MP an.<\/p>\n<p>Galaxy Flip 7<\/p>\n<p>Auch beim Galaxy Flip 7 macht der Hersteller gegen\u00fcber dem Vorg\u00e4nger einige optische Ver\u00e4nderungen, die beim Frontdisplay besonders deutlich werden. Endlich ist das Display au\u00dfen randlos und die beiden Kamera-Linsen sind integriert \u2013 sehr \u00e4hnlich dem aktuellen klappbaren Modell von Motorola. Die Ma\u00dfe gibt Samsung mit 166,7 x 75,2 x 6,5 Millimeter (ausgeklappt) und 85,5 x 75,2 x 13,7 Millimeter (eingeklappt) ein. Hier wird ebenfalls bei beiden Panels AMOLED mit 120 Hz und einer maximalen Helligkeit von 2600 Nits verwendet. Mit 188 Gramm f\u00e4llt das Ger\u00e4t sogar einigerma\u00dfen leicht aus. Laut Samsung wurden die Bauelemente im \u201eFaltbereich\u201c verst\u00e4rkt. Ebenso wie das Fold 7 liegt hier die Schutzklasse IP48 vor.<\/p>\n<p><img loading=\"lazy\" decoding=\"async\" src=\"data:image\/svg+xml,%3Csvg%20xmlns=\" http:=\"\" class=\"size-full wp-image-177936\" alt=\"\" width=\"540\" height=\"520\" data-lazy-src=\"https:\/\/www.europesays.com\/de\/wp-content\/uploads\/2025\/07\/Bildschirmfoto-2025-07-11-um-14.43.29.jpg\"\/>Galaxy Flip 7 Frontansicht<\/p>\n<p>Das Flip 7 wird vom Samsung Exynos 2500, welcher auf 12 GB RAM zugreifen kann, angetrieben. Beim internen Speicher kann man zwischen 256 GB und 512 GB Speicher ausw\u00e4hlen. Beim RaM werden jedoch nur 8 GB Geboten, dass ist doch arg mager. Bei der Konnektivit\u00e4t werden 5G, Wifi 7 und Bluetooth 5.3 angeboten. Allerdings wird nur ein physischer Nano-SIM-Karten-Slot angeboten. Die Kapazit\u00e4t des Akkus wurde von 4000 auf 4300 mAh erh\u00f6ht. Die m\u00f6gliche Ladeleistung ist identisch zum Galaxy Fold 7, was sowohl kabelgebunden als auch kabellos gilt.Die Hauptkamera verf\u00fcgt \u00fcber eien Aufl\u00f6sung von 50 MP (Dual Pixel AF, OIS, f\/1.8) und d\u00fcrfte deutlich unter der des Fold 7 liegen. Au\u00dferdem gibt es eine 12-MP-Ultraweitwinkelkamera und innen eine 10-MP-Selfiekamera. Videos bieten nun die Unterst\u00fctzung f\u00fcr 10-Bit-HDR und d\u00fcrften so \u00fcber einen h\u00f6heren Dynamikumfang sorgen. Bei der Software wird hier das Gleiche wie beim Fold 7 angeboten, lediglich beim Au\u00dfendisplay gibt es mithilfe eines neuen Men\u00fcs (Now Bar)Abweichungen: so soll man leicht Apps und Medienwiedergabe steuern und Benachrichtigungen einsehen k\u00f6nnen, ohne das Handy daf\u00fcr aufklappen zu m\u00fcssen. Ein neues, KI-getriebenes Feature namens \u201eNow Brief\u201c soll die Routinen des Users erlernen und Vorschl\u00e4ge f\u00fcr die Kalenderplanung geben, sowie personalisierte Musikplaylists bauen und bei der Erstellung von Workouts assistieren. Neben Galaxy AI wird bei beiden Ger\u00e4ten Google Gemini implementiert.<\/p>\n<p>Preise und Verf\u00fcgbarkeit<\/p>\n<p>Beide Ger\u00e4te sind ab sofort vorbestellbar, die Auslieferung erfolgt jedoch erst zum 25. Juli 2025. Beim Fold 7 geht es ab 2099 Euro f\u00fcr 12 GB und 256 GB Speicher los. 2219 Euro werden f\u00fcr 512 Gb Speicher f\u00e4llig, die Variante mit 1 TB Speichere und 16 GB RAM kostet hingegen satte 2519,00 Euro. Interessenten k\u00f6nnen bei den Farben zwischen Silver Shadow, Blue Shadow, Jetblack ausw\u00e4hlen. Deutlich g\u00fcnstiger ist das Flip 7, welches in der kleinen Variante (8 GB RAM und 256 GB Speicher) bereits f\u00fcr 1199,00 Euro den Besitzer wechselt. Die Variante mit 512 GB Speicher kostet dann 1319,00 Euro. Bei Amazon sind bereits erste Preisnachl\u00e4sse verf\u00fcgbar.<\/p>\n<p>\u00a0<\/p>\n<p>\u00a0<\/p>\n<p>\u00a0<\/p>\n<p>\u00a0<\/p>\n<p>* Bei den hier genutzten Produkt-Links handelt es sich um Affiliate-Links, die es uns erm\u00f6glichen, eine kleine Provision pro Transaktion zu erhalten, wenn ihr \u00fcber die gekennzeichneten Links einkauft. Dadurch entstehen euch als Leser und Nutzer des Angebotes keine Nachteile, ihr zahlt keinen Cent mehr. Ihr unterst\u00fctzt damit allerdings die redaktionelle Arbeit von WakeUp Media\u00ae. Vielen Dank!<\/p>\n","protected":false},"excerpt":{"rendered":"Nach wie vor ist ein faltbares iPhone\/ iPad von Apple nicht zu sehen, wenngleich sich die Indizien f\u00fcr&hellip;\n","protected":false},"author":2,"featured_media":268728,"comment_status":"","ping_status":"","sticky":false,"template":"","format":"standard","meta":{"footnotes":""},"categories":[135],"tags":[29,30,190,189,194,191,193,192],"class_list":{"0":"post-268727","1":"post","2":"type-post","3":"status-publish","4":"format-standard","5":"has-post-thumbnail","7":"category-wissenschaft-technik","8":"tag-deutschland","9":"tag-germany","10":"tag-science","11":"tag-science-technology","12":"tag-technik","13":"tag-technology","14":"tag-wissenschaft","15":"tag-wissenschaft-technik"},"share_on_mastodon":{"url":"https:\/\/pubeurope.com\/@de\/114854336035256010","error":""},"_links":{"self":[{"href":"https:\/\/www.europesays.com\/de\/wp-json\/wp\/v2\/posts\/268727","targetHints":{"allow":["GET"]}}],"collection":[{"href":"https:\/\/www.europesays.com\/de\/wp-json\/wp\/v2\/posts"}],"about":[{"href":"https:\/\/www.europesays.com\/de\/wp-json\/wp\/v2\/types\/post"}],"author":[{"embeddable":true,"href":"https:\/\/www.europesays.com\/de\/wp-json\/wp\/v2\/users\/2"}],"replies":[{"embeddable":true,"href":"https:\/\/www.europesays.com\/de\/wp-json\/wp\/v2\/comments?post=268727"}],"version-history":[{"count":0,"href":"https:\/\/www.europesays.com\/de\/wp-json\/wp\/v2\/posts\/268727\/revisions"}],"wp:featuredmedia":[{"embeddable":true,"href":"https:\/\/www.europesays.com\/de\/wp-json\/wp\/v2\/media\/268728"}],"wp:attachment":[{"href":"https:\/\/www.europesays.com\/de\/wp-json\/wp\/v2\/media?parent=268727"}],"wp:term":[{"taxonomy":"category","embeddable":true,"href":"https:\/\/www.europesays.com\/de\/wp-json\/wp\/v2\/categories?post=268727"},{"taxonomy":"post_tag","embeddable":true,"href":"https:\/\/www.europesays.com\/de\/wp-json\/wp\/v2\/tags?post=268727"}],"curies":[{"name":"wp","href":"https:\/\/api.w.org\/{rel}","templated":true}]}}