{"id":268731,"date":"2025-07-15T00:08:10","date_gmt":"2025-07-15T00:08:10","guid":{"rendered":"https:\/\/www.europesays.com\/de\/268731\/"},"modified":"2025-07-15T00:08:10","modified_gmt":"2025-07-15T00:08:10","slug":"russland-verurteilt-schriftsteller-boris-akunin-zu-14-jahren","status":"publish","type":"post","link":"https:\/\/www.europesays.com\/de\/268731\/","title":{"rendered":"Russland verurteilt Schriftsteller Boris Akunin zu 14 Jahren"},"content":{"rendered":"<p class=\"text-18 leading-17\">Selenskyj betonte, dass <a class=\"transition-colors duration-200 cursor-pointer text-inherit no-underline text-salemsfur md:hover:text-magenta md:hover:border-magenta md:focus:text-magenta border-current border-b border-solid break-words\" href=\"https:\/\/www.t-online.de\/themen\/kiew\/\" data-sctrack=\"BodyAnchor\" target=\"_blank\" rel=\"noopener\">Kiew<\/a> dem US-Sondergesandten alle Informationen \u00fcber die Lage an den Fronten und Russlands neue Offensivvorbereitungen zukommen lassen werde. &#8222;Russland hat immer noch die Mittel dazu \u2013 die Mittel, um das Leben seiner Nachbarn zu zerst\u00f6ren.&#8220; Aber die Welt wisse inzwischen, &#8222;wo sie zuschlagen muss, damit Putin den Schmerz sp\u00fcrt und Russland die Notwendigkeit versp\u00fcrt, den Frieden zu suchen&#8220;. Russlands Finanzmittel f\u00fcr den Krieg m\u00fcssten definitiv gek\u00fcrzt werden.<\/p>\n<p class=\"text-18 leading-17\">Die EU-Au\u00dfenbeauftragte Kaja Kallas hat das Ultimatum von US-Pr\u00e4sident Donald Trump gegen\u00fcber Russland begr\u00fc\u00dft, gleichzeitig aber Kritik an dem genannten Zeitraum ge\u00e4u\u00dfert. Es sei &#8222;sehr positiv&#8220;, dass Trump eine harte Haltung gegen\u00fcber Russland einnehme, sagte Kallas am Montag in <a class=\"transition-colors duration-200 cursor-pointer text-inherit no-underline text-salemsfur md:hover:text-magenta md:hover:border-magenta md:focus:text-magenta border-current border-b border-solid break-words\" href=\"https:\/\/www.t-online.de\/themen\/bruessel\/\" data-sctrack=\"BodyAnchor\" target=\"_blank\" rel=\"noopener\">Br\u00fcssel<\/a>. &#8222;Andererseits sind 50 Tage eine sehr lange Zeit&#8220;, gab sie zu bedenken.<\/p>\n<p class=\"text-18 leading-17\">Russland t\u00f6te in der Ukraine &#8222;jeden Tag&#8220; unschuldige Zivilisten, sagte Kallas. Deswegen sei klar, &#8222;dass wir alle mehr Druck auf Russland aus\u00fcben m\u00fcssen, damit sie auch Frieden wollen&#8220;. Es sei daher gut, &#8222;dass die Amerikaner Schritte unternehmen&#8220;, betonte die EU-Au\u00dfenbeauftragte. Sie hoffe, &#8222;dass sie auch milit\u00e4rische Hilfe leisten, wie die Europ\u00e4er&#8220;.<\/p>\n<p class=\"text-18 leading-17\">US-Pr\u00e4sident Donald Trump hat Russlands Verb\u00fcndeten wie <a class=\"transition-colors duration-200 cursor-pointer text-inherit no-underline text-salemsfur md:hover:text-magenta md:hover:border-magenta md:focus:text-magenta border-current border-b border-solid break-words\" href=\"https:\/\/www.t-online.de\/themen\/china\/\" data-sctrack=\"BodyAnchor\" target=\"_blank\" rel=\"noopener\">China<\/a> und <a class=\"transition-colors duration-200 cursor-pointer text-inherit no-underline text-salemsfur md:hover:text-magenta md:hover:border-magenta md:focus:text-magenta border-current border-b border-solid break-words\" href=\"https:\/\/www.t-online.de\/themen\/indien\/\" data-sctrack=\"BodyAnchor\" target=\"_blank\" rel=\"noopener\">Indien<\/a> mit Strafz\u00f6llen in H\u00f6he von 100 Prozent gedroht. Die USA w\u00fcrden die sogenannten Sekund\u00e4rz\u00f6lle erheben, wenn es in 50 Tagen keine Waffenruhe-Vereinbarung im Ukraine-Krieg gebe, sagte Trump am Montag bei einem Treffen mit Nato-Generalsekret\u00e4r Mark Rutte im Wei\u00dfen Haus. <a class=\"transition-colors duration-200 cursor-pointer text-inherit no-underline text-salemsfur md:hover:text-magenta md:hover:border-magenta md:focus:text-magenta border-current border-b border-solid break-words\" href=\"https:\/\/www.t-online.de\/nachrichten\/ukraine\/id_100819400\/trump-droht-russlands-verbuendeten-mit-strafzoellen-von-100-prozent.html\" data-sctrack=\"BodyAnchor\" target=\"_blank\" rel=\"noopener\">Mehr dazu lesen Sie hier<\/a>.<\/p>\n<p>In Abwesenheit: Russland verurteilt Schriftsteller Boris Akunin zu 14 Jahren Haft<\/p>\n<p class=\"text-18 leading-17\">Der international bekannte russische Schriftsteller Boris Akunin ist wegen angeblicher Unterst\u00fctzung des <a class=\"transition-colors duration-200 cursor-pointer text-inherit no-underline text-salemsfur md:hover:text-magenta md:hover:border-magenta md:focus:text-magenta border-current border-b border-solid break-words\" href=\"https:\/\/www.t-online.de\/themen\/terrorismus\/\" data-sctrack=\"BodyAnchor\" target=\"_blank\" rel=\"noopener\">Terrorismus<\/a> von einem Gericht in Moskau in Abwesenheit zu 14 Jahren Haft verurteilt worden. Sein Anwalt habe dagegen die Unschuld seines Mandanten wegen Mangels an Beweisen betont, berichtete die staatliche Nachrichtenagentur Tass.<\/p>\n<p class=\"text-18 leading-17\">Der Bestsellerautor hatte wiederholt die russische F\u00fchrung unter Pr\u00e4sident Wladimir Putin sowie dessen Krieg gegen die Ukraine kritisiert. Der in Georgien geborene Grigori Tschchartischwili, bekannt unter dem Pseudonym Boris Akunin, wurde daraufhin von den russischen Beh\u00f6rden zum &#8222;ausl\u00e4ndischen Agenten&#8220; erkl\u00e4rt und wegen angeblicher Unterst\u00fctzung des Terrorismus angeklagt. Der 69-J\u00e4hrige lebt seit Jahren im Exil.<\/p>\n<p class=\"text-18 leading-17\">Zum Prozess gegen ihn erkl\u00e4rte Akunin im Vorjahr in einem Interview des &#8222;Standard&#8220;, das Verfahren interessiere ihn nicht \u2013 weil es in Russland keine richtigen Gerichte mehr gebe. Akunin hat eine Vielzahl von Kriminalromanen verfasst, die auch im Ausland erschienen sind. Wegen seiner Kritik am russischen Angriffskrieg gegen die Ukraine wurden seine B\u00fccher vor drei Jahren in Russland aus dem Verkauf gezogen.<\/p>\n","protected":false},"excerpt":{"rendered":"Selenskyj betonte, dass Kiew dem US-Sondergesandten alle Informationen \u00fcber die Lage an den Fronten und Russlands neue Offensivvorbereitungen&hellip;\n","protected":false},"author":2,"featured_media":268732,"comment_status":"","ping_status":"","sticky":false,"template":"","format":"standard","meta":{"footnotes":""},"categories":[3],"tags":[326,6079,522,81041,81039,1179,1173,685,31,8050,29,106,1478,548,775,13,8332,15768,5793,776,308,14,15,3129,913,81040,79815,649,75494,3186,307,12,184,2544,10,8,9,11,317,312,64,320,103,306,107,104],"class_list":{"0":"post-268731","1":"post","2":"type-post","3":"status-publish","4":"format-standard","5":"has-post-thumbnail","7":"category-welt","8":"tag-326","9":"tag-6079","10":"tag-522","11":"tag-abwesenheit","12":"tag-boris-akunin","13":"tag-boris-pistorius","14":"tag-bundesregierung","15":"tag-bundeswehr","16":"tag-cdu","17":"tag-cherson","18":"tag-deutschland","19":"tag-donald-trump","20":"tag-drohne","21":"tag-eu","22":"tag-friedrich-merz","23":"tag-headlines","24":"tag-kaja-kalla","25":"tag-keith-kellogg","26":"tag-kiew","27":"tag-lars-klingbeil","28":"tag-moskau","29":"tag-nachrichten","30":"tag-news","31":"tag-newsblog","32":"tag-norwegen","33":"tag-oleksander-prokudyn","34":"tag-patriot-flugabwehrraketensystem","35":"tag-pete-hegseth","36":"tag-raketensystem","37":"tag-reuters","38":"tag-russland","39":"tag-schlagzeilen","40":"tag-spd","41":"tag-terrorismus","42":"tag-top-news","43":"tag-top-meldungen","44":"tag-topmeldungen","45":"tag-topnews","46":"tag-ukraine","47":"tag-ukrainekrieg","48":"tag-usa","49":"tag-washington","50":"tag-welt","51":"tag-wladimir-putin","52":"tag-wolodymyr-selenskyj","53":"tag-world"},"share_on_mastodon":{"url":"","error":"Validation failed: Text character limit of 500 exceeded"},"_links":{"self":[{"href":"https:\/\/www.europesays.com\/de\/wp-json\/wp\/v2\/posts\/268731","targetHints":{"allow":["GET"]}}],"collection":[{"href":"https:\/\/www.europesays.com\/de\/wp-json\/wp\/v2\/posts"}],"about":[{"href":"https:\/\/www.europesays.com\/de\/wp-json\/wp\/v2\/types\/post"}],"author":[{"embeddable":true,"href":"https:\/\/www.europesays.com\/de\/wp-json\/wp\/v2\/users\/2"}],"replies":[{"embeddable":true,"href":"https:\/\/www.europesays.com\/de\/wp-json\/wp\/v2\/comments?post=268731"}],"version-history":[{"count":0,"href":"https:\/\/www.europesays.com\/de\/wp-json\/wp\/v2\/posts\/268731\/revisions"}],"wp:featuredmedia":[{"embeddable":true,"href":"https:\/\/www.europesays.com\/de\/wp-json\/wp\/v2\/media\/268732"}],"wp:attachment":[{"href":"https:\/\/www.europesays.com\/de\/wp-json\/wp\/v2\/media?parent=268731"}],"wp:term":[{"taxonomy":"category","embeddable":true,"href":"https:\/\/www.europesays.com\/de\/wp-json\/wp\/v2\/categories?post=268731"},{"taxonomy":"post_tag","embeddable":true,"href":"https:\/\/www.europesays.com\/de\/wp-json\/wp\/v2\/tags?post=268731"}],"curies":[{"name":"wp","href":"https:\/\/api.w.org\/{rel}","templated":true}]}}