{"id":268800,"date":"2025-07-15T00:47:54","date_gmt":"2025-07-15T00:47:54","guid":{"rendered":"https:\/\/www.europesays.com\/de\/268800\/"},"modified":"2025-07-15T00:47:54","modified_gmt":"2025-07-15T00:47:54","slug":"das-kleine-fest-ist-angerichtet","status":"publish","type":"post","link":"https:\/\/www.europesays.com\/de\/268800\/","title":{"rendered":"Das Kleine Fest ist \u201eangerichtet\u201c"},"content":{"rendered":"<p>\t\t\t\t\t<img width=\"800\" height=\"483\" src=\"https:\/\/www.europesays.com\/de\/wp-content\/uploads\/2025\/07\/Kleines-Fest-25-1.jpg\" class=\"attachment-full size-full wp-post-image\" alt=\"Das Kleine Fest ist \u201eangerichtet\u201c \u2013 Publikum flaniert im Gro\u00dfen Garten\" decoding=\"async\" fetchpriority=\"high\"  \/><\/p>\n<p>Jessica Arpin begeistert als Pizzab\u00e4ckerin &#8220; Miss Margherita&#8220; mit einer lebhaften und schelmischen Darbietung \u2013 Foto: Achim Otte<\/p>\n<p>\t\t\tAnzeige<br \/><a href=\"https:\/\/www.daniela-busche.de\" target=\"_blank\" rel=\"noopener\"><img decoding=\"async\" src=\"https:\/\/www.europesays.com\/de\/wp-content\/uploads\/2025\/07\/DB_SehndeNews_Anzeige_022.gif\" alt=\"Werben Sie bei Sehnde-News\"\/><\/a><\/p>\n<p>Der k\u00fcnstlerische Leiter Casper de Vries hat bei seiner zweiten Veranstaltung auf Besucherw\u00fcnsche aus dem Jahr 2024 unter anderem mit mehr kurzen Shows und einem neuen Programmslot gleich um 18 Uhr reagiert. Insgesamt sind zwanzig Shows mit den beliebten 20 Minuten Spieldauer dabei, zwei Shows mit 35 Minuten und drei l\u00e4ngere Shows mit 50 Minuten. Dazu kommen 14 mobile Shows und elf Installationen im hinteren Bereich des Gro\u00dfen Gartens.<\/p>\n<p>Aus 20 L\u00e4ndern kommen die 108 K\u00fcnstler bei diesem internationalen Open-Air-Festival der darstellenden K\u00fcnste und bieten ein vielf\u00e4ltiges Programm, sodass f\u00fcr jeden Geschmack etwas dabei ist. Und so wandeln die G\u00e4ste kreuz und quer auf den manchmal verwirrenden Kreuzungen und Wegen, um die individuell zusammengestellten Programmpunkte anzusteuern. Mitunter wird man unterwegs von Walk- Acts \u00fcberrascht, welche die Zeitplanung durcheinanderbringen und zu einer spontanen Umplanung n\u00f6tigen.<\/p>\n<p>Reichhaltiges Angebot<\/p>\n<p><a href=\"https:\/\/www.europesays.com\/de\/wp-content\/uploads\/2025\/07\/Kleines-Fest-25-2.jpg\"><img loading=\"lazy\" decoding=\"async\" width=\"659\" height=\"499\" src=\"https:\/\/www.europesays.com\/de\/wp-content\/uploads\/2025\/07\/Kleines-Fest-25-2.jpg\" alt=\"\" class=\"wp-image-240651\" style=\"width:600px\"  \/><\/a>Walk-Act \u201eSmirnoff\u201c, der geheimnisvolle Riese, und die an einem Stahlrohrger\u00fcst h\u00e4ngende \u201eCris Clown\u201c begegnen sich an B\u00fchne 8 \u2013 Foto: Achim Otte<\/p>\n<p>Die Vielzahl der Vorstellungen und die Reichhaltigkeit des Angebots bed\u00fcrfen schon einer genauen Vorplanung, geeigneter w\u00e4re allerdings ein mehrfacher Besuch im Gro\u00dfen Garten \u2013 man kann halt nicht alles an einem Abend erleben. Auch in diesem Jahr geh\u00f6ren mit Getr\u00e4nken und Speisen beladene Bollerwagen, Decken, Klappst\u00fchle und Hocker zur Standardausr\u00fcstung der vielen Stammbesucher, und wie immer entsteht auf der Picknickwiese eine fr\u00f6hliche, famili\u00e4re Atmosph\u00e4re.<\/p>\n<p>Das Kleine Fest l\u00e4uft noch bis zum 27. Juli. Montags ist spielfrei. Karten gibt es \u00fcber <a href=\"https:\/\/www.kleines-fest-hannover.de\/\" target=\"_blank\" rel=\"noopener\">die Website des Fests<\/a> und in den Ticketshops. Die Kosten betragen 37 Euro pro Ticket, erm\u00e4\u00dfigt 17 Euro. Kinder bis elf Jahren haben in Begleitung freien Eintritt. Wie gehabt werden mindestens 300 Karten f\u00fcr die Abendkasse an den einzelnen Veranstaltungsterminen zur\u00fcckgehalten. Der Einlass auf die Picknickwiese beginnt um 17 Uhr, der auf das B\u00fchnengel\u00e4nde um 18 Uhr.<\/p>\n<p><strong>Joachim Otte\/JPH<\/strong><\/p>\n<p>Anzeige<br \/><a href=\"https:\/\/www.villamare-sehnde.de\/catering_villamare-catering-sehnde-hannover\/\" target=\"_blank\" rel=\"noopener\"><img decoding=\"async\" src=\"https:\/\/www.europesays.com\/de\/wp-content\/uploads\/2025\/06\/Catering-Villa.gif\" alt=\"Werben Sie bei Sehnde-News\"\/><\/a><\/p>\n","protected":false},"excerpt":{"rendered":"Jessica Arpin begeistert als Pizzab\u00e4ckerin &#8220; Miss Margherita&#8220; mit einer lebhaften und schelmischen Darbietung \u2013 Foto: Achim Otte&hellip;\n","protected":false},"author":2,"featured_media":268801,"comment_status":"","ping_status":"","sticky":false,"template":"","format":"standard","meta":{"footnotes":""},"categories":[1836],"tags":[3364,29,30,46,80,1411,7305],"class_list":{"0":"post-268800","1":"post","2":"type-post","3":"status-publish","4":"format-standard","5":"has-post-thumbnail","7":"category-hannover","8":"tag-de","9":"tag-deutschland","10":"tag-germany","11":"tag-hannover","12":"tag-kultur","13":"tag-niedersachsen","14":"tag-region-hannover"},"share_on_mastodon":{"url":"https:\/\/pubeurope.com\/@de\/114854501053677432","error":""},"_links":{"self":[{"href":"https:\/\/www.europesays.com\/de\/wp-json\/wp\/v2\/posts\/268800","targetHints":{"allow":["GET"]}}],"collection":[{"href":"https:\/\/www.europesays.com\/de\/wp-json\/wp\/v2\/posts"}],"about":[{"href":"https:\/\/www.europesays.com\/de\/wp-json\/wp\/v2\/types\/post"}],"author":[{"embeddable":true,"href":"https:\/\/www.europesays.com\/de\/wp-json\/wp\/v2\/users\/2"}],"replies":[{"embeddable":true,"href":"https:\/\/www.europesays.com\/de\/wp-json\/wp\/v2\/comments?post=268800"}],"version-history":[{"count":0,"href":"https:\/\/www.europesays.com\/de\/wp-json\/wp\/v2\/posts\/268800\/revisions"}],"wp:featuredmedia":[{"embeddable":true,"href":"https:\/\/www.europesays.com\/de\/wp-json\/wp\/v2\/media\/268801"}],"wp:attachment":[{"href":"https:\/\/www.europesays.com\/de\/wp-json\/wp\/v2\/media?parent=268800"}],"wp:term":[{"taxonomy":"category","embeddable":true,"href":"https:\/\/www.europesays.com\/de\/wp-json\/wp\/v2\/categories?post=268800"},{"taxonomy":"post_tag","embeddable":true,"href":"https:\/\/www.europesays.com\/de\/wp-json\/wp\/v2\/tags?post=268800"}],"curies":[{"name":"wp","href":"https:\/\/api.w.org\/{rel}","templated":true}]}}