{"id":268810,"date":"2025-07-15T00:52:13","date_gmt":"2025-07-15T00:52:13","guid":{"rendered":"https:\/\/www.europesays.com\/de\/268810\/"},"modified":"2025-07-15T00:52:13","modified_gmt":"2025-07-15T00:52:13","slug":"niedersachsen-bremen-17-jaehriger-schiedsrichter-bei-fussballspiel-angegriffen","status":"publish","type":"post","link":"https:\/\/www.europesays.com\/de\/268810\/","title":{"rendered":"Niedersachsen &#038; Bremen: 17-j\u00e4hriger Schiedsrichter bei Fu\u00dfballspiel angegriffen"},"content":{"rendered":"<p>                    Niedersachsen &amp; Bremen<br \/>\n                17-j\u00e4hriger Schiedsrichter bei Fu\u00dfballspiel angegriffen<\/p>\n<p>\t\t\t\t              14.07.2025, 17:20 Uhr<\/p>\n<p><strong>Ein Jugendlicher leitet ein Fu\u00dfballspiel in einem Hildesheimer Park \u2013 wenig sp\u00e4ter landet er im Krankenhaus. Was genau auf dem Spielfeld passiert ist, besch\u00e4ftigt jetzt die Polizei.<\/strong><\/p>\n<p>Hildesheim (dpa\/lni) &#8211; Ein 17-J\u00e4hriger ist bei einem Fu\u00dfballspiel im Friedrich-N\u00e4msch-Park in Hildesheim von mehreren M\u00e4nnern verletzt worden. Nach Angaben der Polizei hatte der Jugendliche am Sonntagabend als Schiedsrichter fungiert. Mehrere bislang unbekannte Spieler sollen mit einer seiner Entscheidungen unzufrieden gewesen sein.<\/p>\n<p>Der 17-J\u00e4hrige erlitt leichte Verletzungen und wurde zur Untersuchung in ein Krankenhaus gebracht. Die T\u00e4ter fl\u00fcchteten, wie es weiter hie\u00df. Die Polizei Hildesheim ermittelt wegen gef\u00e4hrlicher K\u00f6rperverletzung und bittet Zeugen, sich zu melden.<\/p>\n","protected":false},"excerpt":{"rendered":"Niedersachsen &amp; Bremen 17-j\u00e4hriger Schiedsrichter bei Fu\u00dfballspiel angegriffen 14.07.2025, 17:20 Uhr Ein Jugendlicher leitet ein Fu\u00dfballspiel in einem&hellip;\n","protected":false},"author":2,"featured_media":268811,"comment_status":"","ping_status":"","sticky":false,"template":"","format":"standard","meta":{"footnotes":""},"categories":[1824],"tags":[2420,3364,29,81054,30,1411,482],"class_list":{"0":"post-268810","1":"post","2":"type-post","3":"status-publish","4":"format-standard","5":"has-post-thumbnail","7":"category-bremen","8":"tag-bremen","9":"tag-de","10":"tag-deutschland","11":"tag-fuballspiel","12":"tag-germany","13":"tag-niedersachsen","14":"tag-schiedsrichter"},"share_on_mastodon":{"url":"https:\/\/pubeurope.com\/@de\/114854516722967152","error":""},"_links":{"self":[{"href":"https:\/\/www.europesays.com\/de\/wp-json\/wp\/v2\/posts\/268810","targetHints":{"allow":["GET"]}}],"collection":[{"href":"https:\/\/www.europesays.com\/de\/wp-json\/wp\/v2\/posts"}],"about":[{"href":"https:\/\/www.europesays.com\/de\/wp-json\/wp\/v2\/types\/post"}],"author":[{"embeddable":true,"href":"https:\/\/www.europesays.com\/de\/wp-json\/wp\/v2\/users\/2"}],"replies":[{"embeddable":true,"href":"https:\/\/www.europesays.com\/de\/wp-json\/wp\/v2\/comments?post=268810"}],"version-history":[{"count":0,"href":"https:\/\/www.europesays.com\/de\/wp-json\/wp\/v2\/posts\/268810\/revisions"}],"wp:featuredmedia":[{"embeddable":true,"href":"https:\/\/www.europesays.com\/de\/wp-json\/wp\/v2\/media\/268811"}],"wp:attachment":[{"href":"https:\/\/www.europesays.com\/de\/wp-json\/wp\/v2\/media?parent=268810"}],"wp:term":[{"taxonomy":"category","embeddable":true,"href":"https:\/\/www.europesays.com\/de\/wp-json\/wp\/v2\/categories?post=268810"},{"taxonomy":"post_tag","embeddable":true,"href":"https:\/\/www.europesays.com\/de\/wp-json\/wp\/v2\/tags?post=268810"}],"curies":[{"name":"wp","href":"https:\/\/api.w.org\/{rel}","templated":true}]}}