{"id":268816,"date":"2025-07-15T00:55:12","date_gmt":"2025-07-15T00:55:12","guid":{"rendered":"https:\/\/www.europesays.com\/de\/268816\/"},"modified":"2025-07-15T00:55:12","modified_gmt":"2025-07-15T00:55:12","slug":"pendler-sieht-mehrere-wichtige-fehler","status":"publish","type":"post","link":"https:\/\/www.europesays.com\/de\/268816\/","title":{"rendered":"Pendler sieht mehrere wichtige Fehler"},"content":{"rendered":"<p>\t\tFalsche Schilder und offene Fragen an der B54 in L\u00fcnen<br \/>\n\t\t\t\t\tPendler Joachim Kindler \u00e4u\u00dfert Kritik<\/p>\n<p>\t\t<img alt=\"\" src=\"https:\/\/www.europesays.com\/de\/wp-content\/uploads\/2025\/04\/630_0036_1299919_.jpg\"  class=\"avatar avatar-36 photo avatar-default\" height=\"36\" width=\"36\" loading=\"lazy\" decoding=\"async\"\/>\t\t<a class=\"article-author__name\" href=\"https:\/\/www.ruhrnachrichten.de\/author\/martin-teichert\/\" rel=\"author nofollow noopener\" target=\"_blank\">Martin Teichert<\/a><br \/>\n\t\tRedakteur<\/p>\n<p>    <a href=\"https:\/\/www.ruhrnachrichten.de\/wp-content\/uploads\/2025\/07\/14\/13\/630_0900_4874724_B54-1648x822.jpg\" rel=\"nofollow noopener\" target=\"_blank\"><\/p>\n<p>            <img decoding=\"async\" fetchpriority=\"high\" src=\"https:\/\/www.europesays.com\/de\/wp-content\/uploads\/2025\/07\/630_0900_4874723_B54-640x428.jpg\" width=\"640\" height=\"428\"  alt=\"Bildmontage: Links: Portr\u00e4t von Joachim Kindler. Rechts: Die B54 mit dem Vorwegweise zur Kreuzung B236, der anzeigt, dass es zwei separate Linksabbiegespuren gebe.\"\/><\/p>\n<p>    <\/a><br \/>\n    Joachim Kindler verkehrt regelm\u00e4\u00dfig auf der B54 zwischen L\u00fcnen und Dortmund-Brechten. Mehrere Punkte an der unfertigen Kreuzung mit der B236 sind ihm ein Dorn im Auge. \u00a9 Tobias Larisch\/Martin Teichert\/Montage: Marie Rademacher<\/p>\n<p class=\"article__teaser-text\">Joachim Kindler ist Stammgast auf der B54 zwischen Dortmund und L\u00fcnen. An der Kreuzung B236 sieht er Fehler \u2013 Stra\u00dfen.NRW reagiert.<\/p>\n<p>4 Min Lesezeit<\/p>\n<p>Irref\u00fchrendes Schild auf B54\u201eFehlende\u201c RechtsabbiegespurFu\u00dfg\u00e4ngerampeln ohne Fu\u00dfg\u00e4ngerFehlendes wichtiges Schild auf B54<\/p>\n","protected":false},"excerpt":{"rendered":"Falsche Schilder und offene Fragen an der B54 in L\u00fcnen Pendler Joachim Kindler \u00e4u\u00dfert Kritik Martin Teichert Redakteur&hellip;\n","protected":false},"author":2,"featured_media":268817,"comment_status":"","ping_status":"","sticky":false,"template":"","format":"standard","meta":{"footnotes":""},"categories":[1833],"tags":[2461,3364,29,217,30,1209,3587],"class_list":{"0":"post-268816","1":"post","2":"type-post","3":"status-publish","4":"format-standard","5":"has-post-thumbnail","7":"category-dortmund","8":"tag-baustelle","9":"tag-de","10":"tag-deutschland","11":"tag-dortmund","12":"tag-germany","13":"tag-nordrhein-westfalen","14":"tag-verkehr-mobilitaet"},"share_on_mastodon":{"url":"https:\/\/pubeurope.com\/@de\/114854528784217720","error":""},"_links":{"self":[{"href":"https:\/\/www.europesays.com\/de\/wp-json\/wp\/v2\/posts\/268816","targetHints":{"allow":["GET"]}}],"collection":[{"href":"https:\/\/www.europesays.com\/de\/wp-json\/wp\/v2\/posts"}],"about":[{"href":"https:\/\/www.europesays.com\/de\/wp-json\/wp\/v2\/types\/post"}],"author":[{"embeddable":true,"href":"https:\/\/www.europesays.com\/de\/wp-json\/wp\/v2\/users\/2"}],"replies":[{"embeddable":true,"href":"https:\/\/www.europesays.com\/de\/wp-json\/wp\/v2\/comments?post=268816"}],"version-history":[{"count":0,"href":"https:\/\/www.europesays.com\/de\/wp-json\/wp\/v2\/posts\/268816\/revisions"}],"wp:featuredmedia":[{"embeddable":true,"href":"https:\/\/www.europesays.com\/de\/wp-json\/wp\/v2\/media\/268817"}],"wp:attachment":[{"href":"https:\/\/www.europesays.com\/de\/wp-json\/wp\/v2\/media?parent=268816"}],"wp:term":[{"taxonomy":"category","embeddable":true,"href":"https:\/\/www.europesays.com\/de\/wp-json\/wp\/v2\/categories?post=268816"},{"taxonomy":"post_tag","embeddable":true,"href":"https:\/\/www.europesays.com\/de\/wp-json\/wp\/v2\/tags?post=268816"}],"curies":[{"name":"wp","href":"https:\/\/api.w.org\/{rel}","templated":true}]}}