{"id":268820,"date":"2025-07-15T00:57:20","date_gmt":"2025-07-15T00:57:20","guid":{"rendered":"https:\/\/www.europesays.com\/de\/268820\/"},"modified":"2025-07-15T00:57:20","modified_gmt":"2025-07-15T00:57:20","slug":"nur-noch-ein-antragstermin-%c2%b7-leipziger-zeitung","status":"publish","type":"post","link":"https:\/\/www.europesays.com\/de\/268820\/","title":{"rendered":"Nur noch ein Antragstermin \u00b7 Leipziger Zeitung"},"content":{"rendered":"<p>Die Stadt Leipzig m\u00f6chte auch 2026 gemeinn\u00fctzige sowie k\u00fcnstlerische und kulturelle Einrichtungen und Projekte in freier Tr\u00e4gerschaft f\u00f6rdern. Die Antr\u00e4ge m\u00fcssen f\u00fcr die institutionelle F\u00f6rderung sowie die neue Basisf\u00f6rderung bis zum 1. September 2025 eingegangen sein. Alle Antr\u00e4ge f\u00fcr die Projektf\u00f6rderung sind bis zum 30. September 2025 im Kulturamt einzureichen. Wichtig: Im Gegensatz zu den Vorjahren gibt es keinen zweiten Antragstermin. Die Antr\u00e4ge k\u00f6nnen digital \u00fcber die Plattform Amt24 des Freistaates Sachsen oder in Papierform mit den Formularen des Kulturamtes gestellt werden.\u00a0<\/p>\n<p>Im Jahr 2026 stehen im durch den Stadtrat beschlossenen Haushaltsplan der Stadt Leipzig f\u00fcr die F\u00f6rderung Freie Kunst und Kultur \u00fcber zw\u00f6lf Millionen Euro zur Verf\u00fcgung. Davon sind mindestens 500.000 Euro f\u00fcr die Basisf\u00f6rderung vorgesehen. Au\u00dferdem sind 2026 wieder k\u00fcnstlerisch-kulturelle Stipendien geplant, die Anfang 2026 ausgeschrieben werden sollen. Allerdings steht der st\u00e4dtische Haushaltsplan unter dem Vorbehalt der Genehmigung durch die Landesdirektion.<\/p>\n<p>Mit der institutionellen F\u00f6rderung sollen die Einrichtungen in die Lage versetzt werden, ihr kulturelles Angebot konzeptionell weiterzuentwickeln sowie sich strukturell zu stabilisieren. Hierzu z\u00e4hlen die Bindung des Publikums ebenso wie von Fachpersonal und Ehrenamtlichen. Die Basisf\u00f6rderung zielt darauf ab, etablierten Tr\u00e4gern aus der Freien Szene eine strukturelle F\u00f6rderung mit mehrj\u00e4hriger Perspektive zu erm\u00f6glichen (Personal, R\u00e4ume, Organisationsentwicklung). <\/p>\n<p>Mit der Projektf\u00f6rderung sollen Vorhaben in den Bereichen Bildende und Darstellende Kunst, Kulturelle Bildung, Literatur, Sozio- und Stadtteilkultur, Stadtgeschichte sowie interdisziplin\u00e4re Projekte unterst\u00fctzt werden. Die Auswahl der gef\u00f6rderten Einrichtungen und Projekte erfolgt in einem mehrstufigen Verfahren voraussichtlich bis Ende Dezember 2025.<\/p>\n<p>Erneut ausgeschrieben wird das F\u00f6rderinstrument \u201eIm Dreiklang f\u00fcr Leipzig\u201c. Dieses unterst\u00fctzt modellhafte Kooperationsprojekte zwischen freier Kunst- und Kulturszene und kommunalen Kunst- und Kulturbetrieben. Mit dem Programm f\u00f6rdert das Kulturamt f\u00fcr zwei Jahre eine K\u00fcnstlergruppe aus der freien Szene, die eine projektgebundene Kooperation mit zwei weiteren Partnern (institutionell gef\u00f6rderte Einrichtung und st\u00e4dtischer Kulturbetrieb) eingeht.<\/p>\n<p>Im Vorfeld der Antragstellung besteht die M\u00f6glichkeit, sich von den Mitarbeiterinnen und Mitarbeitern des Kulturamts beraten zu lassen. Eine Beratung wird insbesondere dann empfohlen, wenn zum ersten Mal ein Antrag auf F\u00f6rderung gestellt werden soll. F\u00fcr die Beantragung einer Basisf\u00f6rderung ist ein Beratungsgespr\u00e4ch zwingend erforderlich. Au\u00dferdem sollte die Anleitung zur Antragsstellung genutzt werden. Die F\u00f6rderschwerpunkte der Kulturf\u00f6rderung f\u00fcr 2026, sowie die Anleitung und die Antragsformulare k\u00f6nnen unter www.leipzig.de\/kulturfoerderung abgerufen werden.\u00a0<\/p>\n<p>Hinweis: Die Ausschreibung aller genannten F\u00f6rderinstrumente erfolgt unter Vorbehalt der Genehmigung des Doppelhaushaltes der Stadt Leipzig f\u00fcr die Jahre 2025\/26 durch die Landesdirektion und eventueller Auflagen der Rechtsaufsichtsbeh\u00f6rde. Das bedeutet, dass Stand heute keine verbindlichen Aussagen getroffen werden k\u00f6nnen, wie viele Mittel in 2026 konkret zur Umsetzung der F\u00f6rderinstrumente zur Verf\u00fcgung stehen. Die anstehende Ausschreibung erfolgt unter Wahrung der in der Fachf\u00f6rderrichtlinie Kultur genannten Antragsfristen. Ein Anspruch auf F\u00f6rderung besteht nicht.<\/p>\n","protected":false},"excerpt":{"rendered":"Die Stadt Leipzig m\u00f6chte auch 2026 gemeinn\u00fctzige sowie k\u00fcnstlerische und kulturelle Einrichtungen und Projekte in freier Tr\u00e4gerschaft f\u00f6rdern.&hellip;\n","protected":false},"author":2,"featured_media":244343,"comment_status":"","ping_status":"","sticky":false,"template":"","format":"standard","meta":{"footnotes":""},"categories":[1832],"tags":[3364,29,37215,30,71,859],"class_list":{"0":"post-268820","1":"post","2":"type-post","3":"status-publish","4":"format-standard","5":"has-post-thumbnail","7":"category-leipzig","8":"tag-de","9":"tag-deutschland","10":"tag-foerdermittel","11":"tag-germany","12":"tag-leipzig","13":"tag-sachsen"},"share_on_mastodon":{"url":"https:\/\/pubeurope.com\/@de\/114854536374200405","error":""},"_links":{"self":[{"href":"https:\/\/www.europesays.com\/de\/wp-json\/wp\/v2\/posts\/268820","targetHints":{"allow":["GET"]}}],"collection":[{"href":"https:\/\/www.europesays.com\/de\/wp-json\/wp\/v2\/posts"}],"about":[{"href":"https:\/\/www.europesays.com\/de\/wp-json\/wp\/v2\/types\/post"}],"author":[{"embeddable":true,"href":"https:\/\/www.europesays.com\/de\/wp-json\/wp\/v2\/users\/2"}],"replies":[{"embeddable":true,"href":"https:\/\/www.europesays.com\/de\/wp-json\/wp\/v2\/comments?post=268820"}],"version-history":[{"count":0,"href":"https:\/\/www.europesays.com\/de\/wp-json\/wp\/v2\/posts\/268820\/revisions"}],"wp:featuredmedia":[{"embeddable":true,"href":"https:\/\/www.europesays.com\/de\/wp-json\/wp\/v2\/media\/244343"}],"wp:attachment":[{"href":"https:\/\/www.europesays.com\/de\/wp-json\/wp\/v2\/media?parent=268820"}],"wp:term":[{"taxonomy":"category","embeddable":true,"href":"https:\/\/www.europesays.com\/de\/wp-json\/wp\/v2\/categories?post=268820"},{"taxonomy":"post_tag","embeddable":true,"href":"https:\/\/www.europesays.com\/de\/wp-json\/wp\/v2\/tags?post=268820"}],"curies":[{"name":"wp","href":"https:\/\/api.w.org\/{rel}","templated":true}]}}