{"id":268821,"date":"2025-07-15T00:58:10","date_gmt":"2025-07-15T00:58:10","guid":{"rendered":"https:\/\/www.europesays.com\/de\/268821\/"},"modified":"2025-07-15T00:58:10","modified_gmt":"2025-07-15T00:58:10","slug":"leipzig-hoerspielsommer-endet-mit-positiver-bilanz-und-viel-zuversicht","status":"publish","type":"post","link":"https:\/\/www.europesays.com\/de\/268821\/","title":{"rendered":"Leipzig: H\u00f6rspielsommer endet mit positiver Bilanz und viel Zuversicht"},"content":{"rendered":"<p>Optimistischer Blick f\u00fcr das Festival<\/p>\n<p class=\"text\">\nDas Organisationsteam des H\u00f6rspielsommers baut trotzdem darauf, dass die Projektgelder der Stadt noch flie\u00dfen: &#8222;Wir machen ein Angebot f\u00fcr alle Leipziger*innen und wir fordern auch, dass das \u00f6ffentlich gef\u00f6rdert wird und honoriert wird&#8220;, sagte Gloe MDR KULTUR, &#8222;und wir sind nat\u00fcrlich solidarisch mit allen anderen Projekten, die jetzt auch absagen oder einsparen m\u00fcssen.&#8220;\n<\/p>\n<p class=\"text\">\nAuch der Blick in die Zukunft bleibe optimistisch, sagte Gloe: &#8222;Ich kann mir jetzt den n\u00e4chsten Sommer nicht ohne einen H\u00f6rspielsommer vorstellen. Ich glaube, wir alle nicht, Leipzig auch nicht und Sachsen nicht.&#8220; Derzeit beobachte man aber die Haushaltslage der Stadt Leipzig sehr genau und plane zun\u00e4chst ein kleineres Programm f\u00fcr 2026.\n<\/p>\n<p>Festival f\u00fcr die ganze Familie<\/p>\n<p class=\"text\">\nDer H\u00f6rspielsommer findet j\u00e4hrlich auf dem Richard-Wagner-Hain am Ufer der Leipziger Elster statt und richtet sich dezidiert an alle Menschen und die ganze Familie.\n<\/p>\n<p class=\"text\">\nIm Familienprogramm gab es in diesem Jahr einen Schwerpunkt auf Inklusion, beispielsweise wurde ein Programmpunkt mit Geb\u00e4rdensprache begleitet. Es gab auch mehrere Live-H\u00f6rspiele wie &#8222;Peterchens Mondfahrt&#8220;. Auch das Liquid Penguin Ensemble, das zuletzt den G\u00fcnter-Eich-Preis erhalten hatte, war dabei und der Musiker Kai-Uwe Kohlschmidt hat sein H\u00f6rspiel \u00fcber seine Band Sandow vorgestellt. Au\u00dferdem gab es mehrere Wettbewerbe, unter anderem den Internationalen H\u00f6rspiel-Wettbewerb, in dessen Rahmen sich viele Kunstschaffende getroffen haben.\n<\/p>\n<p class=\"text\">\nQuelle: MDR KULTUR, H\u00f6rspielsommer (Katharina Gloe), redaktonelle Bearbeitung: lm, tsa<\/p>\n","protected":false},"excerpt":{"rendered":"Optimistischer Blick f\u00fcr das Festival Das Organisationsteam des H\u00f6rspielsommers baut trotzdem darauf, dass die Projektgelder der Stadt noch&hellip;\n","protected":false},"author":2,"featured_media":253462,"comment_status":"","ping_status":"","sticky":false,"template":"","format":"standard","meta":{"footnotes":""},"categories":[1832],"tags":[3364,29,30,77562,77042,3775,66,71,81,7789,859,6857,4454,4412],"class_list":{"0":"post-268821","1":"post","2":"type-post","3":"status-publish","4":"format-standard","5":"has-post-thumbnail","7":"category-leipzig","8":"tag-de","9":"tag-deutschland","10":"tag-germany","11":"tag-hoerspiel","12":"tag-hoerspielsommer","13":"tag-kulturhaushalt","14":"tag-kulturnachrichten","15":"tag-leipzig","16":"tag-mdr","17":"tag-programm","18":"tag-sachsen","19":"tag-spenden","20":"tag-start","21":"tag-wettbewerb"},"share_on_mastodon":{"url":"https:\/\/pubeurope.com\/@de\/114854540323270115","error":""},"_links":{"self":[{"href":"https:\/\/www.europesays.com\/de\/wp-json\/wp\/v2\/posts\/268821","targetHints":{"allow":["GET"]}}],"collection":[{"href":"https:\/\/www.europesays.com\/de\/wp-json\/wp\/v2\/posts"}],"about":[{"href":"https:\/\/www.europesays.com\/de\/wp-json\/wp\/v2\/types\/post"}],"author":[{"embeddable":true,"href":"https:\/\/www.europesays.com\/de\/wp-json\/wp\/v2\/users\/2"}],"replies":[{"embeddable":true,"href":"https:\/\/www.europesays.com\/de\/wp-json\/wp\/v2\/comments?post=268821"}],"version-history":[{"count":0,"href":"https:\/\/www.europesays.com\/de\/wp-json\/wp\/v2\/posts\/268821\/revisions"}],"wp:featuredmedia":[{"embeddable":true,"href":"https:\/\/www.europesays.com\/de\/wp-json\/wp\/v2\/media\/253462"}],"wp:attachment":[{"href":"https:\/\/www.europesays.com\/de\/wp-json\/wp\/v2\/media?parent=268821"}],"wp:term":[{"taxonomy":"category","embeddable":true,"href":"https:\/\/www.europesays.com\/de\/wp-json\/wp\/v2\/categories?post=268821"},{"taxonomy":"post_tag","embeddable":true,"href":"https:\/\/www.europesays.com\/de\/wp-json\/wp\/v2\/tags?post=268821"}],"curies":[{"name":"wp","href":"https:\/\/api.w.org\/{rel}","templated":true}]}}