{"id":268824,"date":"2025-07-15T01:00:11","date_gmt":"2025-07-15T01:00:11","guid":{"rendered":"https:\/\/www.europesays.com\/de\/268824\/"},"modified":"2025-07-15T01:00:11","modified_gmt":"2025-07-15T01:00:11","slug":"volles-haus-beim-jazz-fruehstueck-im-buergerhaus-reisholz","status":"publish","type":"post","link":"https:\/\/www.europesays.com\/de\/268824\/","title":{"rendered":"Volles Haus beim Jazz-Fr\u00fchst\u00fcck im B\u00fcrgerhaus Reisholz"},"content":{"rendered":"<p class=\"text_ohne_einzug richtext text-em-55 !leading-serif mx-6 desktop:mx-0\">Mit den Seatown Seven begr\u00fc\u00dfte das B\u00fcrgerhaus Reisholz am Sonntag eine der \u00e4ltesten Jazzmusikkapellen Deutschlands zum Jazz-Fr\u00fchst\u00fcck. Mehr als 150 G\u00e4ste kamen in den Saal des B\u00fcrgerhauses, f\u00fcr manche gab es nur noch Stehpl\u00e4tze. Die musikbegeisterte Leiterin des B\u00fcrgerhauses, Petra Lenhard, hatte selbst nicht viel von den Swing- und Jazzkl\u00e4ngen, sie stand am Herd, k\u00fcmmerte sich um gen\u00fcgend R\u00fchrei und Speck f\u00fcr die G\u00e4ste.<\/p>\n","protected":false},"excerpt":{"rendered":"Mit den Seatown Seven begr\u00fc\u00dfte das B\u00fcrgerhaus Reisholz am Sonntag eine der \u00e4ltesten Jazzmusikkapellen Deutschlands zum Jazz-Fr\u00fchst\u00fcck. Mehr&hellip;\n","protected":false},"author":2,"featured_media":268825,"comment_status":"","ping_status":"","sticky":false,"template":"","format":"standard","meta":{"footnotes":""},"categories":[1831],"tags":[6329,79862,81062,6333,35599,57877,3364,29,3405,73352,30,14084,81060,45797,81061,81063,29850,1209,4174,23325,81059],"class_list":{"0":"post-268824","1":"post","2":"type-post","3":"status-publish","4":"format-standard","5":"has-post-thumbnail","7":"category-duesseldorf","8":"tag-band","9":"tag-bandgeschichte","10":"tag-bandgruendung","11":"tag-bandmitglieder","12":"tag-buergerhaus","13":"tag-buergerhauses","14":"tag-de","15":"tag-deutschland","16":"tag-duesseldorf","17":"tag-erzaehlt","18":"tag-germany","19":"tag-jazz","20":"tag-jazzfruehstueck","21":"tag-jazzklaengen","22":"tag-jazzmusikkapellen","23":"tag-klaenge","24":"tag-leiterin","25":"tag-nordrhein-westfalen","26":"tag-reisholz","27":"tag-schmidt","28":"tag-seatown"},"share_on_mastodon":{"url":"https:\/\/pubeurope.com\/@de\/114854548119396686","error":""},"_links":{"self":[{"href":"https:\/\/www.europesays.com\/de\/wp-json\/wp\/v2\/posts\/268824","targetHints":{"allow":["GET"]}}],"collection":[{"href":"https:\/\/www.europesays.com\/de\/wp-json\/wp\/v2\/posts"}],"about":[{"href":"https:\/\/www.europesays.com\/de\/wp-json\/wp\/v2\/types\/post"}],"author":[{"embeddable":true,"href":"https:\/\/www.europesays.com\/de\/wp-json\/wp\/v2\/users\/2"}],"replies":[{"embeddable":true,"href":"https:\/\/www.europesays.com\/de\/wp-json\/wp\/v2\/comments?post=268824"}],"version-history":[{"count":0,"href":"https:\/\/www.europesays.com\/de\/wp-json\/wp\/v2\/posts\/268824\/revisions"}],"wp:featuredmedia":[{"embeddable":true,"href":"https:\/\/www.europesays.com\/de\/wp-json\/wp\/v2\/media\/268825"}],"wp:attachment":[{"href":"https:\/\/www.europesays.com\/de\/wp-json\/wp\/v2\/media?parent=268824"}],"wp:term":[{"taxonomy":"category","embeddable":true,"href":"https:\/\/www.europesays.com\/de\/wp-json\/wp\/v2\/categories?post=268824"},{"taxonomy":"post_tag","embeddable":true,"href":"https:\/\/www.europesays.com\/de\/wp-json\/wp\/v2\/tags?post=268824"}],"curies":[{"name":"wp","href":"https:\/\/api.w.org\/{rel}","templated":true}]}}