{"id":268826,"date":"2025-07-15T01:01:10","date_gmt":"2025-07-15T01:01:10","guid":{"rendered":"https:\/\/www.europesays.com\/de\/268826\/"},"modified":"2025-07-15T01:01:10","modified_gmt":"2025-07-15T01:01:10","slug":"kernen-aeltere-autos-vielleicht-bald-jaehrlich-zum-tuev-sinnvoll-oder-nicht-nachrichten-aus-kernen","status":"publish","type":"post","link":"https:\/\/www.europesays.com\/de\/268826\/","title":{"rendered":"Kernen: \u00c4ltere Autos vielleicht bald j\u00e4hrlich zum T\u00dcV &#8211; sinnvoll oder nicht?\u00a0 &#8211; Nachrichten aus Kernen"},"content":{"rendered":"<p><strong>Kernen-Stetten.\u00a0<\/strong> In der kleinen Autowerkstatt Auto Fuhrmann in Stetten gehen durchschnittlich vier Autos pro Tag durch das Tor rein und wieder raus. Meister, zwei Gesellen und ein Azubi k\u00fcmmern sich in der Hochzeit aber auch mal um acht bis zehn Autos t\u00e4glich. Die beiden verf\u00fcgbaren Arbeitspl\u00e4tze sind gut ausgelastet, auf spezielle Fabrikate festgelegt ist die freie  Werkstatt nicht. Kraftfahrzeugtechnikermeister Martin Haak, der 2021 die Werkstatt \u00fcbernommen hat, erkl\u00e4rt<\/p>\n","protected":false},"excerpt":{"rendered":"Kernen-Stetten.\u00a0 In der kleinen Autowerkstatt Auto Fuhrmann in Stetten gehen durchschnittlich vier Autos pro Tag durch das Tor&hellip;\n","protected":false},"author":2,"featured_media":268827,"comment_status":"","ping_status":"","sticky":false,"template":"","format":"standard","meta":{"footnotes":""},"categories":[1830],"tags":[81064,81065,81066,1634,3364,29,942,30,29705,14435,496,22179,1441,81067,12786,50079,7612,81068],"class_list":{"0":"post-268826","1":"post","2":"type-post","3":"status-publish","4":"format-standard","5":"has-post-thumbnail","7":"category-stuttgart","8":"tag-alte-autos","9":"tag-auto-fuhrmann","10":"tag-autowerkstatt","11":"tag-baden-wuerttemberg","12":"tag-de","13":"tag-deutschland","14":"tag-eu-kommission","15":"tag-germany","16":"tag-hauptuntersuchung","17":"tag-kernen","18":"tag-oldtimer","19":"tag-stetten","20":"tag-stuttgart","21":"tag-toedliche-unfaelle","22":"tag-tuev","23":"tag-verkehrstote","24":"tag-verkehrsunfaelle","25":"tag-youngtimer"},"share_on_mastodon":{"url":"https:\/\/pubeurope.com\/@de\/114854552876209307","error":""},"_links":{"self":[{"href":"https:\/\/www.europesays.com\/de\/wp-json\/wp\/v2\/posts\/268826","targetHints":{"allow":["GET"]}}],"collection":[{"href":"https:\/\/www.europesays.com\/de\/wp-json\/wp\/v2\/posts"}],"about":[{"href":"https:\/\/www.europesays.com\/de\/wp-json\/wp\/v2\/types\/post"}],"author":[{"embeddable":true,"href":"https:\/\/www.europesays.com\/de\/wp-json\/wp\/v2\/users\/2"}],"replies":[{"embeddable":true,"href":"https:\/\/www.europesays.com\/de\/wp-json\/wp\/v2\/comments?post=268826"}],"version-history":[{"count":0,"href":"https:\/\/www.europesays.com\/de\/wp-json\/wp\/v2\/posts\/268826\/revisions"}],"wp:featuredmedia":[{"embeddable":true,"href":"https:\/\/www.europesays.com\/de\/wp-json\/wp\/v2\/media\/268827"}],"wp:attachment":[{"href":"https:\/\/www.europesays.com\/de\/wp-json\/wp\/v2\/media?parent=268826"}],"wp:term":[{"taxonomy":"category","embeddable":true,"href":"https:\/\/www.europesays.com\/de\/wp-json\/wp\/v2\/categories?post=268826"},{"taxonomy":"post_tag","embeddable":true,"href":"https:\/\/www.europesays.com\/de\/wp-json\/wp\/v2\/tags?post=268826"}],"curies":[{"name":"wp","href":"https:\/\/api.w.org\/{rel}","templated":true}]}}