{"id":268859,"date":"2025-07-15T01:19:13","date_gmt":"2025-07-15T01:19:13","guid":{"rendered":"https:\/\/www.europesays.com\/de\/268859\/"},"modified":"2025-07-15T01:19:13","modified_gmt":"2025-07-15T01:19:13","slug":"wilhelm-schmid-die-suche-nach-zusammenhalt","status":"publish","type":"post","link":"https:\/\/www.europesays.com\/de\/268859\/","title":{"rendered":"Wilhelm Schmid \u2013 Die Suche nach Zusammenhalt"},"content":{"rendered":"<p>In seinem Buch zeigt Wilhelm Schmid, dass Zusammenhalt weniger eine Folge staatlicher Ma\u00dfnahmen ist, sondern dass es auf die Praktiken ankommt, mit denen Menschen f\u00fcreinander da sind.<\/p>\n<p>Als sich Anfang der 1980er Jahre nach den \u00d6lpreiskrisen das dauerhafte Ende der hohen Wachstumsraten abzeichnete, entwickelte sich daraus auch eine gesellschaftliche Krise. Die Aussicht auf eine Wohlstandswelt f\u00fcr alle verringerte sich merklich. Arbeitslosigkeit wurde zum Dauerzustand. Und Margaret Thatcher l\u00e4utete eine neue A\u0308ra der Eigenverantwortung ein.\u00a0\u00a0<\/p>\n<p>War bis dahin mit dem gesellschaftlichen Fortschritt auch eine gemeinsame Perspektive verbunden, stellte sich nun zunehmend die Frage, was die Gesellschaft eigentlich zusammenh\u00e4lt, wenn sich jeder vor allem um sich selbst k\u00fcmmert. Seitdem hat die Debatte dar\u00fcber, wieviel Gemeinschaft eine Gesellschaft braucht, nichts an Aktualit\u00e4t eingeb\u00fc\u00dft.\u00a0<\/p>\n<p>Die Praktiken des Zusammenhalts\u00a0<\/p>\n<p>In seinem Buch \u201eDie Suche nach Zusammenhalt\u201c hat der Philosoph Wilhelm Schmid nun versucht, das Thema aus der g\u00e4ngigen Sichtweise einer Konkurrenz zwischen dem Ich und dem Wir herauszul\u00f6sen. Sein Vorschlag lautet, den Zusammenhalt nicht in der gro\u00dfen Politik zu suchen, sondern die allt\u00e4glichen Praktiken des F\u00fcreinanderdaseins in den Blick zu nehmen:\u00a0\u00a0<\/p>\n<blockquote class=\"quote-blockquote\">\n<p>Ein Ich muss bereit sein und die Kraft daf\u00fcr haben, Anderen zur Seite zu stehen. Die Wahrscheinlichkeit f\u00fcr die Bereitschaft dazu oder gar die Freude daran wird gr\u00f6\u00dfer, wenn es mit sich selbst gut zurechtkommt. Wer sich auf den Umgang mit sich versteht, kann sich auch eher Anderen zuwenden.<\/p>\n<\/blockquote>\n<p>Die Gesellschaft der Sorge\u00a0<\/p>\n<p>Ausgangspunkt seiner \u00dcberlegungen ist die neue Aufmerksamkeit f\u00fcr die Sorgearbeit, die heute viel weiter gefasst wird als traditionell \u00fcblich. Urspr\u00fcnglich als F\u00fcrsorge im famili\u00e4ren Bereich verstanden, die vor allem von Frauen unentgeltlich und hingebungsvoll zu leisten war, l\u00e4sst sich die Sorgearbeit inzwischen in fast allen Lebensbereichen auffinden.\u00a0<\/p>\n<p>Das gegenw\u00e4rtige Spektrum reicht von der Sorge um sich selbst bis zur Sorge um andere oder auch um die Natur. Man kann sich um sein Seelenheil k\u00fcmmern oder um das Gemeinwohl oder den Erhalt der nat\u00fcrlichen Umwelt. Wo etwas zum Gegenstand einer Pflege wird, wird auch Sorgearbeit geleistet, wie Schmid am Beispiel der Kultur ausf\u00fchrt:\u00a0<\/p>\n<blockquote class=\"quote-blockquote\">\n<p>Das Carework der Kultur ist eine Arbeit am Gemeinwohl, [\u2026]. Nicht nur \u00e4u\u00dferliche, k\u00f6rperliche und materielle Faktoren tragen dazu bei, sondern auch innerliche, seelische und geistige, sei es als F\u00fcrsorge f\u00fcr aktuelle Bed\u00fcrfnisse, als Vorsorge in Form von fr\u00fchzeitiger Aufmerksamkeit auf problematische Entwicklungen oder als Nachsorge im Sinne einer \u201aReparatur\u2018 und Heilung des Lebens.<\/p>\n<\/blockquote>\n<p>Die kuratierte Gesellschaft\u00a0<\/p>\n<p>Nicht nur die Kultur, auch viele andere Aktivit\u00e4ten von der Bildung bis zum Sport lassen sich so als Sorgearbeit auffassen, die zugleich auf das Ich und das Wir abzielt. Und selbstverst\u00e4ndlich geh\u00f6rt f\u00fcr Schmid, der in zahlreichen B\u00fcchern das antike Ideal einer Lebenskunst f\u00fcr unsere Gegenwart wiederentdeckt hat, auch die Philosophie dazu.\u00a0<\/p>\n<p>Die Suche nach Zusammenhalt<br \/>\nIch und Wir: Vom sch\u00f6nen und schwierigen Leben in Gesellschaft<\/p>\n<p><img src=\"https:\/\/www.europesays.com\/de\/wp-content\/uploads\/2025\/07\/1751521348387,wilhelm-schmid-die-suche-nach-zusammenhalt-102~_v-icon_-7bcdf069542bbe2d1d9ef71cb5865f.jpeg\"  class=\"\" data-copyright=\"Foto: Pressestelle, Suhrkamp Verlag\" alt=\"Wilhelm Schmid - Die Suche nach Zusammenhalt\" title=\"Wilhelm Schmid - Die Suche nach Zusammenhalt (Foto: Pressestelle, Suhrkamp Verlag)\" width=\"320\" height=\"508\" decoding=\"async\" loading=\"lazy\"\/><\/p>\n<p>Wilhelm Schmid &#8211; Die Suche nach Zusammenhalt<\/p>\n<p><a rel=\"external nofollow\" class=\"link\" tabindex=\"-1\" itemprop=\"url\"><br \/>\nPressestelle<br \/>\n<\/a><\/p>\n<p><a rel=\"external nofollow\" class=\"link\" tabindex=\"-1\" itemprop=\"url\"><br \/>\nSuhrkamp Verlag<br \/>\n<\/a><\/p>\n<dl class=\"review-metadaten\">\n<dt class=\"review-author\">Autor<\/dt>\n<dd class=\"review-author\">\nWilhelm Schmid\n<\/dd>\n<dt class=\"review-genre\">Genre<\/dt>\n<dd class=\"review-genre\">Sachbuch<\/dd>\n<dt class=\"review-publisher\">Verlag<\/dt>\n<dd class=\"review-publisher\">Suhrkamp (469 Seiten, 26,00 Euro)<\/dd>\n<dt class=\"review-date-published\">Erscheinungsdatum<\/dt>\n<dd class=\"review-date-published\">17. M\u00e4rz 2025<\/dd>\n<dt class=\"review-isbn\">ISBN<\/dt>\n<dd class=\"review-isbn\">978-3-518-43236-5<\/dd>\n<\/dl>\n<p>Dass das Bed\u00fcrfnis nach einem sorgsamen Umgang mit sich selbst und anderen gro\u00df ist, hat inzwischen allerdings auch das Marketing verstanden. Heute werden nicht nur Ausstellungen in Museen kuratiert, sondern die gesamte Konsumwelt ist zu einem gro\u00dfen Showroom geworden, in dem die Dinge mit besonderer Sorgsamkeit pr\u00e4sentiert werden:\u00a0<\/p>\n<blockquote class=\"quote-blockquote\">\n<p>Dass das Kuratieren von der Kunst auf andere Bereiche \u00fcbergreift, k\u00f6nnte ein Zeichen daf\u00fcr sein, dass Menschen in wachsendem Ma\u00dfe bereit sind, nicht nur f\u00fcr sich, sondern auch \u00fcber sich hinaus Sorgende sein zu wollen, die sich f\u00fcr das, was sie tun, verantwortlich f\u00fchlen.<\/p>\n<\/blockquote>\n<p>Auch wenn diese optimistische Einsch\u00e4tzung des Autors nicht jeder teilen wird, lohnt es sich sehr, seiner Suche nach Zusammenhalt mit ihren \u00fcberraschenden Wendungen zu folgen. Sein Buch kommt zur richtigen Zeit. Angesichts der politischen Lage d\u00fcrfte inzwischen den meisten deutlich vor Augen stehen, wie zerbrechlich unsere Gesellschaft geworden ist.\u00a0<\/p>\n","protected":false},"excerpt":{"rendered":"In seinem Buch zeigt Wilhelm Schmid, dass Zusammenhalt weniger eine Folge staatlicher Ma\u00dfnahmen ist, sondern dass es auf&hellip;\n","protected":false},"author":2,"featured_media":268860,"comment_status":"","ping_status":"","sticky":false,"template":"","format":"standard","meta":{"footnotes":""},"categories":[1774],"tags":[1784,1785,29,214,30,215],"class_list":{"0":"post-268859","1":"post","2":"type-post","3":"status-publish","4":"format-standard","5":"has-post-thumbnail","7":"category-buecher","8":"tag-books","9":"tag-buecher","10":"tag-deutschland","11":"tag-entertainment","12":"tag-germany","13":"tag-unterhaltung"},"share_on_mastodon":{"url":"https:\/\/pubeurope.com\/@de\/114854622987606607","error":""},"_links":{"self":[{"href":"https:\/\/www.europesays.com\/de\/wp-json\/wp\/v2\/posts\/268859","targetHints":{"allow":["GET"]}}],"collection":[{"href":"https:\/\/www.europesays.com\/de\/wp-json\/wp\/v2\/posts"}],"about":[{"href":"https:\/\/www.europesays.com\/de\/wp-json\/wp\/v2\/types\/post"}],"author":[{"embeddable":true,"href":"https:\/\/www.europesays.com\/de\/wp-json\/wp\/v2\/users\/2"}],"replies":[{"embeddable":true,"href":"https:\/\/www.europesays.com\/de\/wp-json\/wp\/v2\/comments?post=268859"}],"version-history":[{"count":0,"href":"https:\/\/www.europesays.com\/de\/wp-json\/wp\/v2\/posts\/268859\/revisions"}],"wp:featuredmedia":[{"embeddable":true,"href":"https:\/\/www.europesays.com\/de\/wp-json\/wp\/v2\/media\/268860"}],"wp:attachment":[{"href":"https:\/\/www.europesays.com\/de\/wp-json\/wp\/v2\/media?parent=268859"}],"wp:term":[{"taxonomy":"category","embeddable":true,"href":"https:\/\/www.europesays.com\/de\/wp-json\/wp\/v2\/categories?post=268859"},{"taxonomy":"post_tag","embeddable":true,"href":"https:\/\/www.europesays.com\/de\/wp-json\/wp\/v2\/tags?post=268859"}],"curies":[{"name":"wp","href":"https:\/\/api.w.org\/{rel}","templated":true}]}}