{"id":268867,"date":"2025-07-15T01:24:10","date_gmt":"2025-07-15T01:24:10","guid":{"rendered":"https:\/\/www.europesays.com\/de\/268867\/"},"modified":"2025-07-15T01:24:10","modified_gmt":"2025-07-15T01:24:10","slug":"transfer-ticker-juve-baggert-naechsten-vfb-star-an-alaba-knall-rueckt-naeher-sport-de","status":"publish","type":"post","link":"https:\/\/www.europesays.com\/de\/268867\/","title":{"rendered":"Transfer-Ticker: Juve baggert n\u00e4chsten VfB-Star an &#8211; Alaba-Knall r\u00fcckt n\u00e4her &#8211; sport.de"},"content":{"rendered":"<ol>\n<li><a href=\"https:\/\/news.google.com\/rss\/articles\/CBMitwFBVV95cUxPNzluU2xIMDJTdUY5ejhDTDNBcy1HMi1lY3g0YjZKenN2LVFPYjhwU3pGaWZBRFp1ZlYxQ3l5V3NNM2hnZlBjLVl0aElUM2FSeGlKb2owdGxKc1Y5NFdkZEJjcC1nRVBrTXJscGhVcnl0ZW9CdEVjNVczWG9ib1hjaWJhMlVtamVSUzlxVElaWTc3eEVGVTlaREJ2c2FJX2o1M2Uxc1R4TDRCM2ZSWF9CVjNMS3BvR1U?oc=5\" target=\"_blank\" rel=\"nofollow noopener\">Transfer-Ticker: Juve baggert n\u00e4chsten VfB-Star an &#8211; Alaba-Knall r\u00fcckt n\u00e4her<\/a>&nbsp;&nbsp;sport.de<\/li>\n<li><a href=\"https:\/\/news.google.com\/rss\/articles\/CBMi7gFBVV95cUxPXzRyLTQwekZlcHNsVDluY2JDMWdPMS1DYS1ZR2llTHpVOHp0OGFJbEF6bHNpUElEY0pvRW9uYUw3RHI1Z2ZudDdnRDRiTU1nM2FENUkwd3ZoZ1k5S0cydkRnRkJuS1lXcGw2WVZpLXV4MXU3NDFoc1B2S0Y4OWdRUnRTX2ltZ1gxOUNHVmV0cTNRYTVZN3pLa3dWY0RNMnhEM0l1NnpQM3R6TTF1aWx2UV9BdXdOUGlYb3h2ZzBnMU9hQXBlQm1XTXUwNGFxWXF3SDJrR2szTXhRX0RnZ2twcUFSald2RUNRcjJCYlpR?oc=5\" target=\"_blank\" rel=\"nofollow noopener\">VfB Stuttgart: Neues aus Turin: Was l\u00e4uft da mit Chabot und der Alten Dame?<\/a>&nbsp;&nbsp;stuttgarter-zeitung.de<\/li>\n<li><a href=\"https:\/\/news.google.com\/rss\/articles\/CBMitwFBVV95cUxPcHJERnhnWm9fR2VxbHJrY0pHRDFrci1JQmVBeUx6RHBUUVpVejkxQkI4TTJ0WFJMMmdJNTV1Y2dWT1ptZVZzeFA2azJYa1ZSaFBtNjR1eVZaNHprZWhLOUwyWThSSnF1dk5lNGZuSVFfLXIxWklOcTB6dWlJUWpGZDVIVjFlYmhyM1VvcW5kZ200UkFyd1NMZVdiaWVPZnVxY3R4UVROS0RhU0g5NWJRbHNSWXlZdTQ?oc=5\" target=\"_blank\" rel=\"nofollow noopener\">Chabot-Transfer: Juventus Turin mit irrwitziger Preisvorstellung<\/a>&nbsp;&nbsp;MSN<\/li>\n<li><a href=\"https:\/\/news.google.com\/rss\/articles\/CBMimAFBVV95cUxNbkt1N01UOUJoellXcGx3TkpfREZsRkRXb2FYMWFZOUxXVGVvRHY4eXlCdnJ0U1ZVRUczaWpqNUEtRG91VzRkcER0TVpPUUVJblQ0TWpNd29leFZ0V2ctVmsyZUozazlQRklGeGwzVXlWN2M0UHZnRUlDYTE2YmVOczZtNkZZZC1lX0VCUGhEbXNfamZIdWRQUA?oc=5\" target=\"_blank\" rel=\"nofollow noopener\">Auch Vagnoman im Visier der Alten Dame<\/a>&nbsp;&nbsp;FussballTransfers.com<\/li>\n<li><a href=\"https:\/\/news.google.com\/rss\/articles\/CBMiwwFBVV95cUxOSi1YVF9aWXBTdTU0RVhMVll4YTF1aXV5eGJwWDNSdnNqcU9zN2FKTlJpdFZYSmdIcXBac1ZJSEcxWFZrRWFIT0ZNUU5LQU9lWDBGTS02ZmpJakZwd2w4RzJtVWFVaVhHdTVKLW03dzZVWFd0Z2RkUTdsVTFDX1ExM3ktVWd4bzliZHpFWUU1bzdQMERjSmJUaEZVRlM5LUxCcTBRUWNrbVNhUXpKYzlsOW9wYW9GTkZtb3pEdGJFQVFnM00?oc=5\" target=\"_blank\" rel=\"nofollow noopener\">Abschied vom VfB Stuttgart? Neues Wechselger\u00fccht um Abwehr-Riesen<\/a>&nbsp;&nbsp;S\u00dcDWEST24<\/li>\n<\/ol>\n","protected":false},"excerpt":{"rendered":"Transfer-Ticker: Juve baggert n\u00e4chsten VfB-Star an &#8211; Alaba-Knall r\u00fcckt n\u00e4her&nbsp;&nbsp;sport.de VfB Stuttgart: Neues aus Turin: Was l\u00e4uft da&hellip;\n","protected":false},"author":2,"featured_media":268868,"comment_status":"","ping_status":"","sticky":false,"template":"","format":"standard","meta":{"footnotes":""},"categories":[136],"tags":[299,29,347,30,348,4445,957,804,265,863,887,4443],"class_list":{"0":"post-268867","1":"post","2":"type-post","3":"status-publish","4":"format-standard","5":"has-post-thumbnail","7":"category-sport","8":"tag-bundesliga","9":"tag-deutschland","10":"tag-fussball","11":"tag-germany","12":"tag-la-liga","13":"tag-ligue-1","14":"tag-premier-league","15":"tag-serie-a","16":"tag-sport","17":"tag-sport-allgemein","18":"tag-top-fussball","19":"tag-transfers-und-geruechte"},"share_on_mastodon":{"url":"https:\/\/pubeurope.com\/@de\/114854642655718323","error":""},"_links":{"self":[{"href":"https:\/\/www.europesays.com\/de\/wp-json\/wp\/v2\/posts\/268867","targetHints":{"allow":["GET"]}}],"collection":[{"href":"https:\/\/www.europesays.com\/de\/wp-json\/wp\/v2\/posts"}],"about":[{"href":"https:\/\/www.europesays.com\/de\/wp-json\/wp\/v2\/types\/post"}],"author":[{"embeddable":true,"href":"https:\/\/www.europesays.com\/de\/wp-json\/wp\/v2\/users\/2"}],"replies":[{"embeddable":true,"href":"https:\/\/www.europesays.com\/de\/wp-json\/wp\/v2\/comments?post=268867"}],"version-history":[{"count":0,"href":"https:\/\/www.europesays.com\/de\/wp-json\/wp\/v2\/posts\/268867\/revisions"}],"wp:featuredmedia":[{"embeddable":true,"href":"https:\/\/www.europesays.com\/de\/wp-json\/wp\/v2\/media\/268868"}],"wp:attachment":[{"href":"https:\/\/www.europesays.com\/de\/wp-json\/wp\/v2\/media?parent=268867"}],"wp:term":[{"taxonomy":"category","embeddable":true,"href":"https:\/\/www.europesays.com\/de\/wp-json\/wp\/v2\/categories?post=268867"},{"taxonomy":"post_tag","embeddable":true,"href":"https:\/\/www.europesays.com\/de\/wp-json\/wp\/v2\/tags?post=268867"}],"curies":[{"name":"wp","href":"https:\/\/api.w.org\/{rel}","templated":true}]}}