{"id":268882,"date":"2025-07-15T01:32:26","date_gmt":"2025-07-15T01:32:26","guid":{"rendered":"https:\/\/www.europesays.com\/de\/268882\/"},"modified":"2025-07-15T01:32:26","modified_gmt":"2025-07-15T01:32:26","slug":"daniel-scheen-pauls-zum-flut-untersuchungsausschuss-filmpost-nachrichten-aus-eschweiler","status":"publish","type":"post","link":"https:\/\/www.europesays.com\/de\/268882\/","title":{"rendered":"Daniel Scheen-Pauls zum Flut-Untersuchungsausschuss &#8211; Filmpost Nachrichten aus Eschweiler"},"content":{"rendered":"<p> Pressemitteilung<\/p>\n<p><a href=\"https:\/\/filmpost.de\/javascript:;\" data-fancybox-trigger=\"galleryfipo\" rel=\"nofollow noopener\" target=\"_blank\"><br \/>\n<img decoding=\"async\" src=\"https:\/\/www.europesays.com\/de\/wp-content\/uploads\/2025\/07\/39061_CDU_Landtagsabgeordneter_Daniel_Scheen_Pauls_Foto_Bu_ro_Daniel_Scheen_Pauls.3437a9ba.jpg\" longdesc=\"\" alt=\"\u201eUnsere Aufgabe ist noch lange nicht vorbei\u201c \u2013 Daniel Scheen-Pauls zum Flut-Untersuchungsausschuss - Foto Bu\u0308ro Daniel Scheen-Pauls - \" title=\"\u201eUnsere Aufgabe ist noch lange nicht vorbei\u201c \u2013 Daniel Scheen-Pauls zum Flut-Untersuchungsausschuss - Foto Bu\u0308ro Daniel Scheen-Pauls - \"\/><br \/>\n<\/a><\/p>\n<p>Vier Jahre nach der Flutkatastrophe in NRW zieht der Parlamentarische Untersuchungsausschuss II eine Bilanz. F\u00fcr Daniel Scheen-Pauls MdL ist mit dem Abschlussbericht die Arbeit noch nicht getan. Der Abgeordnete aus Eschweiler und Mitglied des Ausschusses betont die Verantwortung der Politik, aus den Fehlern zu lernen und den Bev\u00f6lkerungsschutz zukunftsfest zu machen. Besonders wichtig ist ihm der direkte Austausch mit Betroffenen, Helfenden und Fachleuten vor Ort.<\/p>\n<p>&#13;<\/p>\n<p><strong>red<\/strong><\/p>\n<p>Daniel Scheen-Pauls MdL zum Abschlussbericht des PUA II (Hochwasserkatastrophe):<br \/><strong>\u201eFlutkatastrophe politisch aufgearbeitet \u2013 aber die Verantwortung endet nicht mit dem Bericht\u201c<\/strong><br \/>\u00a0<br \/>Vier Jahre nach der verheerenden Flutkatastrophe hat der Parlamentarische Untersuchungsausschuss II (PUA II) seinen Abschlussbericht vorgelegt. Daniel Scheen-Pauls, Landtagsabgeordneter aus Eschweiler, Monschau, Roetgen, Simmerath und Stolberg sowie Mitglied des Ausschusses hat drei Jahre als Mitglied des Untersuchungsausschusses an der Aufkl\u00e4rung der Naturkatastrophe mitgearbeitet. Er erkl\u00e4rt:<br \/>\u00a0<br \/>\u201ePolitik darf sich nicht wegducken. Deshalb war es wichtig, dass wir im Ausschuss genau hingeschaut und kritisch hinterfragt haben. Die Flut hat nicht nur Existenzen zerst\u00f6rt, sondern auch Vertrauen. Es war unsere Aufgabe, dieses Vertrauen St\u00fcck f\u00fcr St\u00fcck zur\u00fcckzugewinnen.\u201c<br \/>\u00a0<br \/>Der Untersuchungsausschuss hat zentrale Schw\u00e4chen benannt. Viele Warnungen erreichten die Menschen zu sp\u00e4t. Als sehr positiv hebt der Untersuchungsausschuss die au\u00dferordentlichen Leistungen der Einsatzkr\u00e4fte und die Selbsthilfe und Solidarit\u00e4t in den betroffenen Gebieten hervor.<br \/>\u201eDie enorme Solidarit\u00e4t, der Mut, die Entschlossenheit der Menschen in unserer Heimat bleibt unvergessen. Was Feuerwehr, THW, Hilfsdienste, Wasserwacht, DLRG, Diakonie Katastrophenschutz und viele Freiwillige geleistet haben, war beeindruckend. \u00a0Ohne sie w\u00e4re die Katastrophe noch viel schlimmer ausgegangen. Daf\u00fcr gilt mein gr\u00f6\u00dfter Dank\u201c, so Daniel Scheen-Pauls weiter.<br \/>\u00a0<br \/>Die CDU-gef\u00fchrte Landesregierung hat seitdem wichtige Ma\u00dfnahmen auf den Weg gebracht: neue Warnsysteme, \u00fcber 1.000 gef\u00f6rderte Sirenen, digitale Warnportale, zus\u00e4tzliche Stellen im Katastrophenschutz, F\u00f6rderprogramme f\u00fcr psychosoziale Hilfe. Dennoch bleibt viel zu tun: der Austausch zwischen Katastrophenschutz, Kommunen und Fachbeh\u00f6rden ist ebenso Kern der Forderung des Ausschusses wie die Verbesserung und der Ausbau der Fr\u00fchwarnsysteme:<br \/>\u00a0<br \/>\u201eNicht nur der Austausch mit den Betroffen ist f\u00fcr mich eine Herzensangelegenheit, auch regelm\u00e4\u00dfige Gespr\u00e4che mit allen Beteiligten wie etwa dem Wasserverband Eifel-Ruhr sind mir wichtig. Denn wir brauchen lokales Wissen genauso wie verl\u00e4ssliche Strukturen, um bei k\u00fcnftigen Extremwetterlagen besser reagieren zu k\u00f6nnen.<br \/>Ein moderner Katastrophenschutz braucht F\u00fchrungsst\u00e4rke, funktionierende Warnsysteme und ge\u00fcbte Abl\u00e4ufe. Und er braucht eines mehr als alles andere: Haltung. Unsere Verantwortung endet nicht mit der Ver\u00f6ffentlichung eines Berichts. F\u00fcr mich ist klar: Unsere Aufgabe ist noch lange nicht vorbei\u201c, so Daniel Scheen-Pauls abschlie\u00dfend.<\/p>\n<p>&#13;<\/p>\n<p><strong>Daniel Scheen-Pauls MdL<\/strong><\/p>\n<p>    <a href=\"https:\/\/filmpost.de\/assets\/medienquellen\/galerien\/assets\/galleries\/28242\/39061_CDU_Landtagsabgeordneter_Daniel_Scheen_Pauls_Foto_Bu_ro_Daniel_Scheen_Pauls.jpg\" data-fancybox=\"galleryfipo\" data-caption=\"\u201eUnsere Aufgabe ist noch lange nicht vorbei\u201c \u2013 Daniel Scheen-Pauls zum Flut-Untersuchungsausschuss - Foto Bu\u0308ro Daniel Scheen-Pauls  \" rel=\"nofollow noopener\" target=\"_blank\"><br \/>\n        <img decoding=\"async\" title=\"\u201eUnsere Aufgabe ist noch lange nicht vorbei\u201c \u2013 Daniel Scheen-Pauls zum Flut-Untersuchungsausschuss - Foto Bu\u0308ro Daniel Scheen-Pauls\" src=\"https:\/\/www.europesays.com\/de\/wp-content\/uploads\/2025\/07\/39061_9c3cf65fc5346380784691b2328ac044.13b9be1c.jpg\"\/><\/p>\n<p>    <\/a><\/p>\n<p>\u00a0<\/p>\n","protected":false},"excerpt":{"rendered":"Pressemitteilung Vier Jahre nach der Flutkatastrophe in NRW zieht der Parlamentarische Untersuchungsausschuss II eine Bilanz. F\u00fcr Daniel Scheen-Pauls&hellip;\n","protected":false},"author":2,"featured_media":268883,"comment_status":"","ping_status":"","sticky":false,"template":"","format":"standard","meta":{"footnotes":""},"categories":[1853],"tags":[1424,3364,29,548,663,3934,30,13,14,15,1209,12],"class_list":{"0":"post-268882","1":"post","2":"type-post","3":"status-publish","4":"format-standard","5":"has-post-thumbnail","7":"category-aachen","8":"tag-aachen","9":"tag-de","10":"tag-deutschland","11":"tag-eu","12":"tag-europa","13":"tag-europe","14":"tag-germany","15":"tag-headlines","16":"tag-nachrichten","17":"tag-news","18":"tag-nordrhein-westfalen","19":"tag-schlagzeilen"},"share_on_mastodon":{"url":"https:\/\/pubeurope.com\/@de\/114854674089063086","error":""},"_links":{"self":[{"href":"https:\/\/www.europesays.com\/de\/wp-json\/wp\/v2\/posts\/268882","targetHints":{"allow":["GET"]}}],"collection":[{"href":"https:\/\/www.europesays.com\/de\/wp-json\/wp\/v2\/posts"}],"about":[{"href":"https:\/\/www.europesays.com\/de\/wp-json\/wp\/v2\/types\/post"}],"author":[{"embeddable":true,"href":"https:\/\/www.europesays.com\/de\/wp-json\/wp\/v2\/users\/2"}],"replies":[{"embeddable":true,"href":"https:\/\/www.europesays.com\/de\/wp-json\/wp\/v2\/comments?post=268882"}],"version-history":[{"count":0,"href":"https:\/\/www.europesays.com\/de\/wp-json\/wp\/v2\/posts\/268882\/revisions"}],"wp:featuredmedia":[{"embeddable":true,"href":"https:\/\/www.europesays.com\/de\/wp-json\/wp\/v2\/media\/268883"}],"wp:attachment":[{"href":"https:\/\/www.europesays.com\/de\/wp-json\/wp\/v2\/media?parent=268882"}],"wp:term":[{"taxonomy":"category","embeddable":true,"href":"https:\/\/www.europesays.com\/de\/wp-json\/wp\/v2\/categories?post=268882"},{"taxonomy":"post_tag","embeddable":true,"href":"https:\/\/www.europesays.com\/de\/wp-json\/wp\/v2\/tags?post=268882"}],"curies":[{"name":"wp","href":"https:\/\/api.w.org\/{rel}","templated":true}]}}