{"id":268891,"date":"2025-07-15T01:37:21","date_gmt":"2025-07-15T01:37:21","guid":{"rendered":"https:\/\/www.europesays.com\/de\/268891\/"},"modified":"2025-07-15T01:37:21","modified_gmt":"2025-07-15T01:37:21","slug":"leg-startet-mit-zirkusspass-und-guter-laune-in-die-schulfreie-zeit-tradingview-news","status":"publish","type":"post","link":"https:\/\/www.europesays.com\/de\/268891\/","title":{"rendered":"LEG startet mit Zirkusspa\u00df und guter Laune in die schulfreie Zeit \u2014 TradingView News"},"content":{"rendered":"<p class=\"\">Am ersten Tag der Sommerferien in Nordrhein-Westfalen lud die LEG Kinder, Eltern und Gro\u00dfeltern in Gelsenkirchener Hassel zu einem bunten Nachmittag mit Zirkusflair und Begegnung ein. Die Aktion war Teil des diesj\u00e4hrigen LEG-Ferienprogramms, das unter dem Motto \u201eGemeinschaft erleben\u201c in zahlreichen St\u00e4dten f\u00fcr Freude und Abwechslung sorgt.<\/p>\n<p class=\"\">Auf der gro\u00dfen Wiese hinter dem Haus an der Wiebringhausstra\u00dfe schlug der Mitmach-Zirkus sein Zelt auf \u2013 und verwandelte den Platz in eine B\u00fchne f\u00fcr kleine K\u00fcnstlerinnen und K\u00fcnstler. Professionelle Artisten zeigten den Kindern, wie sie mit etwas \u00dcbung jonglieren, balancieren oder zaubern k\u00f6nnen. Viele Kinder standen zum ersten Mal in der Manege und pr\u00e4sentierten stolz ihre neu erlernten Kunstst\u00fccke \u2013 zur Freude der zahlreichen Familienangeh\u00f6rigen und Nachbarn, die das Programm mit gro\u00dfem Interesse verfolgten.<\/p>\n<p class=\"\">Abgerundet wurde das Ferienevent durch liebevoll organisierte Kinderschmink-Angebote sowie Kaffee und Kuchen f\u00fcr alle G\u00e4ste. Auch kalte Getr\u00e4nke standen bereit, um den warmen Nachmittag angenehm zu gestalten. So entstand ein lebendiger Treffpunkt im Quartier \u2013 mit vielen Gespr\u00e4chen, neuen Kontakten und einem sp\u00fcrbaren Gemeinschaftsgef\u00fchl.<\/p>\n<p class=\"\">\u201eWir m\u00f6chten unseren Mieterinnen und Mietern zeigen, dass wir nicht nur Wohnraum, sondern auch Lebensqualit\u00e4t schaffen\u201c, so Melanie M\u00fcller, Leiterin der LEG-Kundenbetreuung. \u201eSolche Nachbarschaftsfeste st\u00e4rken das Miteinander \u2013 ganz unkompliziert und generationen\u00fcbergreifend.\u201c<\/p>\n<p class=\"\">Unterst\u00fctzt wurde die Veranstaltung von der LEG NRW Mieter-Stiftung, die sich seit Jahren f\u00fcr soziale Projekte in den Quartieren einsetzt. Ziel der Ferienaktion war es, Kindern im Wohnumfeld Abwechslung zu bieten und das Gemeinschaftsgef\u00fchl vor Ort zu st\u00e4rken \u2013 direkt vor der Haust\u00fcr.<\/p>\n<p class=\"\">Im Rahmen des Quartier- und Integrationsmanagement bietet die LEG das ganze Jahr \u00fcber ein umfangreiches Ferien- und Freizeitprogramm f\u00fcr ihre Mieterinnen und Mieter. Von Aktivit\u00e4ten f\u00fcr Kinder und Jugendliche bis hin zu Angeboten f\u00fcr Erwachsene oder Senioren \u2013 bei allen Veranstaltungen, die die LEG organisiert, wachsen Nachbarschaften enger zusammen. Das Programm umfasst Mieterjubil\u00e4umsfeiern, Ausfl\u00fcge, Grillfeste, Bastel- und Kochnachmittage, Hausaufgabenhilfe und vieles mehr.<\/p>\n<p class=\"\"><strong class=\"root-Tkn6WL2y\">\u00a0<\/strong><\/p>\n<p class=\"\">Ihre Ansprechpartnerin:<\/p>\n<p class=\"\">Carolin Ott, Tel. 02\u00a011 \/ 45\u00a068-388<\/p>\n<p class=\"\"><strong class=\"root-Tkn6WL2y\">\u00dcber die LEG <\/strong><\/p>\n<p class=\"\">Die LEG SE ist mit rund 172.000 Mietwohnungen und rund 500.000 Bewohnern ein f\u00fchrendes b\u00f6rsennotiertes Wohnungsunternehmen in Deutschland. Das Unternehmen unterh\u00e4lt acht Niederlassungen und ist dar\u00fcber hinaus an ausgew\u00e4hlten Standorten mit pers\u00f6nlichen Ansprechpartnern vor Ort vertreten. Aus ihrem Kerngesch\u00e4ft Vermietung und Verpachtung erzielte die LEG SE im Gesch\u00e4ftsjahr 2024 Erl\u00f6se von 1,303 Milliarden Euro bei einer Durchschnittsmiete von 6,80 Euro (l-f-l) pro Quadratmeter. Mit einem Anteil von rund einem F\u00fcnftel Sozialwohnungen und ihrem kontinuierlichen Einsatz f\u00fcr effizienten Klimaschutz in der Wohnungswirtschaft, u.a. mit der Gr\u00fcndung gr\u00fcner, digitaler Start-ups f\u00fcr die smarte Steuerung bestehender Heizanlagen (termios), dem Einbau und der Wartung hocheffizienter Luft-Luft-W\u00e4rmepumpen (dekarbo), der digitalen, seriellen Vollsanierung (RENOWATE) und der ersten virtuellen Branchenl\u00f6sung f\u00fcr transparente Dienstleistungsverwaltung und deutschlandweite Auftragsvergabe in den Bereichen Gr\u00fcnpflege, Reinigung und Winterdienst (youtilly), unterstreicht die LEG ihr digitales und nachhaltiges Engagement in verschiedenen Bereichen.<b class=\"heading-wrapper-aHOVUrmQ\">Haftungsausschluss<\/b><\/p>\n<p>Saving the news in databases or any forwarding of the news to third parties in a commercial context or for commercial purposes is only permitted with the prior written consent of EQS Group AG.<\/p><\/p>\n","protected":false},"excerpt":{"rendered":"Am ersten Tag der Sommerferien in Nordrhein-Westfalen lud die LEG Kinder, Eltern und Gro\u00dfeltern in Gelsenkirchener Hassel zu&hellip;\n","protected":false},"author":2,"featured_media":22982,"comment_status":"","ping_status":"","sticky":false,"template":"","format":"standard","meta":{"footnotes":""},"categories":[1848],"tags":[3364,29,548,663,3934,3658,30,13,14,15,1209,12],"class_list":{"0":"post-268891","1":"post","2":"type-post","3":"status-publish","4":"format-standard","5":"has-post-thumbnail","7":"category-gelsenkirchen","8":"tag-de","9":"tag-deutschland","10":"tag-eu","11":"tag-europa","12":"tag-europe","13":"tag-gelsenkirchen","14":"tag-germany","15":"tag-headlines","16":"tag-nachrichten","17":"tag-news","18":"tag-nordrhein-westfalen","19":"tag-schlagzeilen"},"share_on_mastodon":{"url":"https:\/\/pubeurope.com\/@de\/114854693638201588","error":""},"_links":{"self":[{"href":"https:\/\/www.europesays.com\/de\/wp-json\/wp\/v2\/posts\/268891","targetHints":{"allow":["GET"]}}],"collection":[{"href":"https:\/\/www.europesays.com\/de\/wp-json\/wp\/v2\/posts"}],"about":[{"href":"https:\/\/www.europesays.com\/de\/wp-json\/wp\/v2\/types\/post"}],"author":[{"embeddable":true,"href":"https:\/\/www.europesays.com\/de\/wp-json\/wp\/v2\/users\/2"}],"replies":[{"embeddable":true,"href":"https:\/\/www.europesays.com\/de\/wp-json\/wp\/v2\/comments?post=268891"}],"version-history":[{"count":0,"href":"https:\/\/www.europesays.com\/de\/wp-json\/wp\/v2\/posts\/268891\/revisions"}],"wp:featuredmedia":[{"embeddable":true,"href":"https:\/\/www.europesays.com\/de\/wp-json\/wp\/v2\/media\/22982"}],"wp:attachment":[{"href":"https:\/\/www.europesays.com\/de\/wp-json\/wp\/v2\/media?parent=268891"}],"wp:term":[{"taxonomy":"category","embeddable":true,"href":"https:\/\/www.europesays.com\/de\/wp-json\/wp\/v2\/categories?post=268891"},{"taxonomy":"post_tag","embeddable":true,"href":"https:\/\/www.europesays.com\/de\/wp-json\/wp\/v2\/tags?post=268891"}],"curies":[{"name":"wp","href":"https:\/\/api.w.org\/{rel}","templated":true}]}}