{"id":268894,"date":"2025-07-15T01:39:10","date_gmt":"2025-07-15T01:39:10","guid":{"rendered":"https:\/\/www.europesays.com\/de\/268894\/"},"modified":"2025-07-15T01:39:10","modified_gmt":"2025-07-15T01:39:10","slug":"stefan-mueller-aus-pfersee-schreibt-erfolgsgeschichte-weiter-und-erhaelt-begehrten-award","status":"publish","type":"post","link":"https:\/\/www.europesays.com\/de\/268894\/","title":{"rendered":"Stefan M\u00fcller aus Pfersee schreibt Erfolgsgeschichte weiter \u2026 und erh\u00e4lt begehrten Award"},"content":{"rendered":"<p><img decoding=\"async\" src=\"https:\/\/www.europesays.com\/de\/wp-content\/uploads\/2025\/07\/Artikel-14.jpg\" alt=\"\" title=\"Artikel\"\/><\/p>\n<p>Nach dem gro\u00dfen Erfolg als Preistr\u00e4ger beim internationalen Speaker Slam im M\u00e4rz vor 230 Teilnehmern aus 29 L\u00e4ndern konnte Nachhaltigkeitsexperte und Keynote Speaker Stefan M\u00fcller aus Augsburger Stadtteil Pfersee einen weiteren beachtlichen Erfolg verbuchen. Beim legend\u00e4ren Founder Summit, Deutschlands gr\u00f6\u00dfter Gr\u00fcnder- und Unternehmerkonferenz, die am 26. und 27. April im Rhein-Main Congress Center in Wiesbaden stattfand, erhielt er den begehrten Award.<\/p>\n<p>Gr\u00fcnder, Unternehmer, Investoren und Speaker trafen sich an zwei Tagen vor \u00fcber 8.000 Besuchern und teilten ihre wertvollen Insights und Strategien. Stefan M\u00fcller trat auf der Inspiration Stage auf und \u00fcberzeugte mit Worten, Ausstrahlung und Pers\u00f6nlichkeit. Zwei Minuten hatte er Zeit, sich und sein Thema auf der B\u00fchne zu pr\u00e4sentieren. Einen Vortrag so zu verk\u00fcrzen und trotzdem alles Wichtige zu sagen und dann noch den gef\u00fchlvollen Draht zum Publikum zu finden, das ist wohl die K\u00f6nigsklasse im professionellen Wording und Speaking.<\/p>\n<p>Wenn es um das Thema Nachhaltigkeit geht, vertritt Stefan M\u00fcller die klare These, dass etwas gegen den weltweiten Plastikm\u00fcll getan werden muss, vor allem gegen die gesundheitsgef\u00e4hrdende Gefahr des Mikroplastiks, welches wir t\u00e4glich sogar \u00fcber die Atemluft, das Trinkwasser und die Nahrungskette aufnehmen. Als Experte gibt er gerne auch pers\u00f6nlich Tipps und Anregungen weiter, bietet sogar lukrative private und gesch\u00e4ftliche L\u00f6sungen an. Auch f\u00fcr Vereine und Verb\u00e4nde bieten sich mit diesem Konzept nachhaltige und lukrative M\u00f6glichkeiten.<\/p>\n<p>F\u00fcr diesen Mehrwert wurde Stefan M\u00fcller gleich dreifach ausgezeichnet. Er erhielt den begehrten Award, eine Einladung zu Germanys next Speaker Star und einen h\u00f6heren Bekanntheitsgrad f\u00fcr mehr Reichweite. Zus\u00e4tzlich wartet jetzt der n\u00e4chste Speaker Slam in New York, wo er bereits gebucht ist.<\/p>\n","protected":false},"excerpt":{"rendered":"Nach dem gro\u00dfen Erfolg als Preistr\u00e4ger beim internationalen Speaker Slam im M\u00e4rz vor 230 Teilnehmern aus 29 L\u00e4ndern&hellip;\n","protected":false},"author":2,"featured_media":268895,"comment_status":"","ping_status":"","sticky":false,"template":"","format":"standard","meta":{"footnotes":""},"categories":[1846],"tags":[680,772,3364,29,548,663,3934,30,13,14,15,12],"class_list":{"0":"post-268894","1":"post","2":"type-post","3":"status-publish","4":"format-standard","5":"has-post-thumbnail","7":"category-augsburg","8":"tag-augsburg","9":"tag-bayern","10":"tag-de","11":"tag-deutschland","12":"tag-eu","13":"tag-europa","14":"tag-europe","15":"tag-germany","16":"tag-headlines","17":"tag-nachrichten","18":"tag-news","19":"tag-schlagzeilen"},"share_on_mastodon":{"url":"https:\/\/pubeurope.com\/@de\/114854701724161329","error":""},"_links":{"self":[{"href":"https:\/\/www.europesays.com\/de\/wp-json\/wp\/v2\/posts\/268894","targetHints":{"allow":["GET"]}}],"collection":[{"href":"https:\/\/www.europesays.com\/de\/wp-json\/wp\/v2\/posts"}],"about":[{"href":"https:\/\/www.europesays.com\/de\/wp-json\/wp\/v2\/types\/post"}],"author":[{"embeddable":true,"href":"https:\/\/www.europesays.com\/de\/wp-json\/wp\/v2\/users\/2"}],"replies":[{"embeddable":true,"href":"https:\/\/www.europesays.com\/de\/wp-json\/wp\/v2\/comments?post=268894"}],"version-history":[{"count":0,"href":"https:\/\/www.europesays.com\/de\/wp-json\/wp\/v2\/posts\/268894\/revisions"}],"wp:featuredmedia":[{"embeddable":true,"href":"https:\/\/www.europesays.com\/de\/wp-json\/wp\/v2\/media\/268895"}],"wp:attachment":[{"href":"https:\/\/www.europesays.com\/de\/wp-json\/wp\/v2\/media?parent=268894"}],"wp:term":[{"taxonomy":"category","embeddable":true,"href":"https:\/\/www.europesays.com\/de\/wp-json\/wp\/v2\/categories?post=268894"},{"taxonomy":"post_tag","embeddable":true,"href":"https:\/\/www.europesays.com\/de\/wp-json\/wp\/v2\/tags?post=268894"}],"curies":[{"name":"wp","href":"https:\/\/api.w.org\/{rel}","templated":true}]}}