{"id":268898,"date":"2025-07-15T01:41:10","date_gmt":"2025-07-15T01:41:10","guid":{"rendered":"https:\/\/www.europesays.com\/de\/268898\/"},"modified":"2025-07-15T01:41:10","modified_gmt":"2025-07-15T01:41:10","slug":"us-drohnen-via-ramstein-urteil-in-karlsruhe-erwartet-suedwest","status":"publish","type":"post","link":"https:\/\/www.europesays.com\/de\/268898\/","title":{"rendered":"US-Drohnen via Ramstein &#8211; Urteil in Karlsruhe erwartet &#8211; S\u00fcdwest"},"content":{"rendered":"<p class=\"rhp-dpa-teaser\"><b>Am Bundesverfassungsgericht gehen zwei Jemeniten gegen US-Drohneneins\u00e4tze vor, die technisch \u00fcber die Air Base in Ramstein laufen. Dem geht ein jahrelanger Rechtsstreit voraus.<\/b><\/p>\n<p><a class=\"rtr-entity\" data-rtr-entity=\"Karlsruhe\" data-rtr-id=\"80c7016b06fa35b3df6c5c0b41fd6df26fb493b1\" data-rtr-score=\"44.913015463917525\" data-rtr-etype=\"location\" data-rtr-index=\"11\" href=\"https:\/\/www.rheinpfalz.de\/themen\/karlsruhe?utm_source=rheinpfalz.de&amp;utm_medium=tms&amp;utm_campaign=intext\" target=\"_blank\" rel=\"noopener\">Karlsruhe<\/a> (dpa) &#8211; Das <a class=\"rtr-entity\" data-rtr-entity=\"Bundesverfassungsgericht\" data-rtr-id=\"98a77067226069e563290973588d91632f631b51\" data-rtr-score=\"50.1784793814433\" data-rtr-etype=\"organisation\" data-rtr-index=\"1\" href=\"https:\/\/www.rheinpfalz.de\/themen\/bundesverfassungsgericht?utm_source=rheinpfalz.de&amp;utm_medium=tms&amp;utm_campaign=intext\" target=\"_blank\" rel=\"noopener\">Bundesverfassungsgericht<\/a> will am Dienstag (10.00 Uhr) sein Urteil zu einer Verfassungsbeschwerde gegen die Nutzung der US-Air-Base <a class=\"rtr-entity\" data-rtr-entity=\"Ramstein\" data-rtr-id=\"c55d20890f027624ccedba2d40fdf664b452d6ca\" data-rtr-score=\"91.74742268041237\" data-rtr-etype=\"location\" data-rtr-index=\"13\" href=\"https:\/\/www.rheinpfalz.de\/themen\/ramstein?utm_source=rheinpfalz.de&amp;utm_medium=tms&amp;utm_campaign=intext\" target=\"_blank\" rel=\"noopener\">Ramstein<\/a> f\u00fcr Drohneneins\u00e4tze der amerikanischen Streitkr\u00e4fte im Ausland verk\u00fcnden. Die Beschwerdef\u00fchrer sind zwei Jemeniten, deren Verwandte 2012 bei einem US-Drohneneinsatz in ihrer Heimat get\u00f6tet wurden. Der Fall besch\u00e4ftigt die deutsche Justiz seit mehr als zehn Jahren. (Az. 2 BvR 508\/21)<\/p>\n<p>Die amerikanischen Streitkr\u00e4fte hatten das <a class=\"rtr-entity\" data-rtr-entity=\"Bundesverteidigungsministerium\" data-rtr-id=\"d2632511c6819245d42041922d599f93f491d684\" data-rtr-score=\"10.186855670103093\" data-rtr-etype=\"organisation\" data-rtr-index=\"0\" href=\"https:\/\/www.rheinpfalz.de\/themen\/bundesverteidigungsministerium?utm_source=rheinpfalz.de&amp;utm_medium=tms&amp;utm_campaign=intext\" target=\"_blank\" rel=\"noopener\">Bundesverteidigungsministerium<\/a> 2010 informiert, dass auf dem Gel\u00e4nde im pf\u00e4lzischen Ramstein eine Satelliten-Relais-Station zur Steuerung auch waffenf\u00e4higer Drohnen im Ausland gebaut werde. Wegen der f\u00fcr die Eins\u00e4tze bedeutenden Rolle dieser Milit\u00e4rbasis sehen die Kl\u00e4ger auch die Bundesregierung in der Verantwortung. <\/p>\n<p>F\u00fcr wen gilt die grundrechtliche Schutzpflicht?<\/p>\n<p>Das Oberverwaltungsgericht M\u00fcnster verurteilte die Bundesrepublik 2019 dazu, aktiv nachzuforschen, ob Drohneneins\u00e4tze der USA im Jemen unter Nutzung des Milit\u00e4rst\u00fctzpunkts in Rheinland-Pfalz gegen V\u00f6lkerrecht versto\u00dfen. Das Bundesverwaltungsgericht kassierte diese Entscheidung aber im Jahr darauf. <\/p>\n<p>In Karlsruhe berufen sich die Beschwerdef\u00fchrer auf das im Grundgesetz festgeschriebene Recht auf Leben und k\u00f6rperliche Unversehrtheit. Die Bundesrepublik habe ihre Schutzpflicht verletzt, die auch f\u00fcr Ausl\u00e4nder im Ausland gelte. Die Bundesregierung bestreitet eine Schutzpflicht im vorliegenden Fall. Unter anderem liege kein qualifizierter Bezug zum Inland vor.<\/p>\n<p><img decoding=\"async\" loading=\"lazy\" src=\"https:\/\/www.europesays.com\/de\/wp-content\/uploads\/2025\/07\/6795899_1_articledetail_2010_informierten_die_amerikanischen_Streitkraefte_dass_auf_dem_Gelaende_der.webp\" alt=\"Airbase Ramstein\" title=\"Airbase Ramstein\" width=\"753\" height=\"502\" class=\"nfy-mobile-first\"\/> 2010 informierten die amerikanischen Streitkr\u00e4fte, dass auf dem Gel\u00e4nde der Air Base Ramstein eine Satelliten-Relais-Station zur Steuerung auch waffenf\u00e4higer Drohnen im Ausland gebaut werde. (Archivbild)Foto: Uwe Anspach\/dpa<img decoding=\"async\" loading=\"lazy\" src=\"https:\/\/www.europesays.com\/de\/wp-content\/uploads\/2025\/07\/6795900_1_articledetail_Der_Zweite_Senat_hat_die_Schutzpflicht_der_Bundesregierung_fuer_Auslaender_i.webp\" alt=\"Bundesverfassungsgericht zu US-Drohneneins\u00e4tzen\" title=\"Bundesverfassungsgericht zu US-Drohneneins\u00e4tzen\" width=\"753\" height=\"502\" class=\"nfy-mobile-first\"\/> Der Zweite Senat hat die Schutzpflicht der Bundesregierung f\u00fcr Ausl\u00e4nder im Ausland gepr\u00fcft. (Archivbild)Foto: Uli Deck\/dpa<\/p>\n","protected":false},"excerpt":{"rendered":"Am Bundesverfassungsgericht gehen zwei Jemeniten gegen US-Drohneneins\u00e4tze vor, die technisch \u00fcber die Air Base in Ramstein laufen. Dem&hellip;\n","protected":false},"author":2,"featured_media":268899,"comment_status":"","ping_status":"","sticky":false,"template":"","format":"standard","meta":{"footnotes":""},"categories":[1844],"tags":[81080,1634,1173,5441,22534,3364,29,1478,30,10544,8903,8221,4046,451,16,2283,27102,28194,9326,64,2301,4961,22091],"class_list":{"0":"post-268898","1":"post","2":"type-post","3":"status-publish","4":"format-standard","5":"has-post-thumbnail","7":"category-karlsruhe","8":"tag-air-base","9":"tag-baden-wuerttemberg","10":"tag-bundesregierung","11":"tag-bundesverfassungsgericht","12":"tag-bundesverteidigungsministerium","13":"tag-de","14":"tag-deutschland","15":"tag-drohne","16":"tag-germany","17":"tag-jemen","18":"tag-karlsruhe","19":"tag-konflikte","20":"tag-krieg","21":"tag-militaer","22":"tag-politik","23":"tag-prozess-gericht","24":"tag-ramstein","25":"tag-suedwest","26":"tag-updateme","27":"tag-usa","28":"tag-verfassung-gesetz","29":"tag-verteidigung","30":"tag-vorausmeldung"},"share_on_mastodon":{"url":"https:\/\/pubeurope.com\/@de\/114854709607415274","error":""},"_links":{"self":[{"href":"https:\/\/www.europesays.com\/de\/wp-json\/wp\/v2\/posts\/268898","targetHints":{"allow":["GET"]}}],"collection":[{"href":"https:\/\/www.europesays.com\/de\/wp-json\/wp\/v2\/posts"}],"about":[{"href":"https:\/\/www.europesays.com\/de\/wp-json\/wp\/v2\/types\/post"}],"author":[{"embeddable":true,"href":"https:\/\/www.europesays.com\/de\/wp-json\/wp\/v2\/users\/2"}],"replies":[{"embeddable":true,"href":"https:\/\/www.europesays.com\/de\/wp-json\/wp\/v2\/comments?post=268898"}],"version-history":[{"count":0,"href":"https:\/\/www.europesays.com\/de\/wp-json\/wp\/v2\/posts\/268898\/revisions"}],"wp:featuredmedia":[{"embeddable":true,"href":"https:\/\/www.europesays.com\/de\/wp-json\/wp\/v2\/media\/268899"}],"wp:attachment":[{"href":"https:\/\/www.europesays.com\/de\/wp-json\/wp\/v2\/media?parent=268898"}],"wp:term":[{"taxonomy":"category","embeddable":true,"href":"https:\/\/www.europesays.com\/de\/wp-json\/wp\/v2\/categories?post=268898"},{"taxonomy":"post_tag","embeddable":true,"href":"https:\/\/www.europesays.com\/de\/wp-json\/wp\/v2\/tags?post=268898"}],"curies":[{"name":"wp","href":"https:\/\/api.w.org\/{rel}","templated":true}]}}