{"id":269021,"date":"2025-07-15T02:51:10","date_gmt":"2025-07-15T02:51:10","guid":{"rendered":"https:\/\/www.europesays.com\/de\/269021\/"},"modified":"2025-07-15T02:51:10","modified_gmt":"2025-07-15T02:51:10","slug":"der-tag-umstrittene-kandidatin-fuer-verfassungsgericht-doktorvater-verteidigt-brosius-gersdorf","status":"publish","type":"post","link":"https:\/\/www.europesays.com\/de\/269021\/","title":{"rendered":"Der Tag: Umstrittene Kandidatin f\u00fcr Verfassungsgericht: Doktorvater verteidigt Brosius-Gersdorf"},"content":{"rendered":"<p>                    Der Tag<br \/>\n                Umstrittene Kandidatin f\u00fcr Verfassungsgericht: Doktorvater verteidigt Brosius-Gersdorf<\/p>\n<p>\t\t\t\t              14.07.2025, 18:29 Uhr<\/p>\n<p>&#8222;Sie ist meinungsfreudig, aber das ist doch kein Ausschlusskriterium f\u00fcr Verfassungsrichter&#8220;: Der emeritierte Rechtsprofessor Horst Dreier hat seine fr\u00fchere Doktorandin und Kandidatin f\u00fcr das Bundesverfassungsgericht, <b>Frauke Brosius-Gersdorf, gegen Kritik verteidigt<\/b>. <b>&#8222;Wir wollen doch nicht nur graue M\u00e4use in Karlsruhe&#8220;<\/b>, sagte Dreier der &#8222;Rheinischen Post&#8220;. Er halte Brosius-Gersdorf &#8222;f\u00fcr eine vorz\u00fcgliche Juristin&#8220;, andernfalls h\u00e4tte er ihr nicht die Herausgeberschaft seines Grundgesetz-Kommentars anvertraut.<\/p>\n<p>W\u00e4hrend der Dissertation habe er seine Doktorandin als<b> &#8222;sehr kluge Person&#8220;<\/b> wahrgenommen, erkl\u00e4rte Dreier. \u00dcber ihre Nominierung als Richterin f\u00fcr das Bundesverfassungsgericht in Karlsruhe habe er sich sehr gefreut: &#8222;Dass die SPD noch so gute Entscheidungen treffen kann, h\u00e4tte ich mir fast nicht tr\u00e4umen lassen&#8220;, sagte Dreier. &#8222;Der <b>eigentliche Skandal<\/b> ist, dass die Union von ihrer Zustimmung wieder abger\u00fcckt ist&#8220;, betonte der emeritierte Professor. &#8222;Das ist dilettantisch.&#8220;<\/p>\n","protected":false},"excerpt":{"rendered":"Der Tag Umstrittene Kandidatin f\u00fcr Verfassungsgericht: Doktorvater verteidigt Brosius-Gersdorf 14.07.2025, 18:29 Uhr &#8222;Sie ist meinungsfreudig, aber das ist&hellip;\n","protected":false},"author":2,"featured_media":269022,"comment_status":"","ping_status":"","sticky":false,"template":"","format":"standard","meta":{"footnotes":""},"categories":[2],"tags":[80679,282,29,81120,30,13,56228,14,15,12,1781,10,8,9,11,81119,1965],"class_list":{"0":"post-269021","1":"post","2":"type-post","3":"status-publish","4":"format-standard","5":"has-post-thumbnail","7":"category-deutschland","8":"tag-brosius-gersdorf","9":"tag-der","10":"tag-deutschland","11":"tag-doktorvater","12":"tag-germany","13":"tag-headlines","14":"tag-kandidatin","15":"tag-nachrichten","16":"tag-news","17":"tag-schlagzeilen","18":"tag-tag","19":"tag-top-news","20":"tag-top-meldungen","21":"tag-topmeldungen","22":"tag-topnews","23":"tag-umstrittene","24":"tag-verfassungsgericht"},"share_on_mastodon":{"url":"https:\/\/pubeurope.com\/@de\/114854984752709162","error":""},"_links":{"self":[{"href":"https:\/\/www.europesays.com\/de\/wp-json\/wp\/v2\/posts\/269021","targetHints":{"allow":["GET"]}}],"collection":[{"href":"https:\/\/www.europesays.com\/de\/wp-json\/wp\/v2\/posts"}],"about":[{"href":"https:\/\/www.europesays.com\/de\/wp-json\/wp\/v2\/types\/post"}],"author":[{"embeddable":true,"href":"https:\/\/www.europesays.com\/de\/wp-json\/wp\/v2\/users\/2"}],"replies":[{"embeddable":true,"href":"https:\/\/www.europesays.com\/de\/wp-json\/wp\/v2\/comments?post=269021"}],"version-history":[{"count":0,"href":"https:\/\/www.europesays.com\/de\/wp-json\/wp\/v2\/posts\/269021\/revisions"}],"wp:featuredmedia":[{"embeddable":true,"href":"https:\/\/www.europesays.com\/de\/wp-json\/wp\/v2\/media\/269022"}],"wp:attachment":[{"href":"https:\/\/www.europesays.com\/de\/wp-json\/wp\/v2\/media?parent=269021"}],"wp:term":[{"taxonomy":"category","embeddable":true,"href":"https:\/\/www.europesays.com\/de\/wp-json\/wp\/v2\/categories?post=269021"},{"taxonomy":"post_tag","embeddable":true,"href":"https:\/\/www.europesays.com\/de\/wp-json\/wp\/v2\/tags?post=269021"}],"curies":[{"name":"wp","href":"https:\/\/api.w.org\/{rel}","templated":true}]}}