{"id":269025,"date":"2025-07-15T02:53:21","date_gmt":"2025-07-15T02:53:21","guid":{"rendered":"https:\/\/www.europesays.com\/de\/269025\/"},"modified":"2025-07-15T02:53:21","modified_gmt":"2025-07-15T02:53:21","slug":"regionalliga-hallescher-fc-und-zimmermann-loesen-vertrag-auf","status":"publish","type":"post","link":"https:\/\/www.europesays.com\/de\/269025\/","title":{"rendered":"Regionalliga: Hallescher FC und Zimmermann l\u00f6sen Vertrag auf"},"content":{"rendered":"<p class=\"text\">\nZimmermann hatte den damaligen Drittliga-Absteiger Halle im Juli 2024 \u00fcbernommen. Er baute eine neue Mannschaft auf, die in der Regionalliga hinter Lok Leipzig auf Rang zwei einlief. Vor heimischer Kulisse avancierte der HFC zur besten Elf, ausw\u00e4rts lief es mit Platz drei nicht ganz so gut. Eine Aufholjagd am Ende brachte die Sachsen-Anhalter nicht mehr vor Lok. Der R\u00fcckstand betrug schlie\u00dflich sechs Z\u00e4hler.\n<\/p>\n<p class=\"text\">\nDer geb\u00fcrtige Th\u00fcringer Zimmermann, zuvor lange St\u00fcrmer und Trainer beim FC Carl Zeiss Jena, holte in der Liga 2,06 Punkte pro Spiel. Im FSA-Pokal hielt sich der Favorit schadlos und qualifizierte sich durch ein 1:0 in letzter Minute nach Verl\u00e4ngerung gegen Sechstligist 1. FC Lok Stendal f\u00fcr den DFB-Pokal. Allerdings war der Auftritt der Hallenser erschreckend. Nicht alle F\u00fchrungsgr\u00f6\u00dfen im Verein standen hinter Zimmermann. Am Wochenende gab es nun ein kl\u00e4rendes Gespr\u00e4ch &#8211; mit dem Ergebnis, Zimmermann von seinen Aufgaben zu entbinden.<\/p>\n","protected":false},"excerpt":{"rendered":"Zimmermann hatte den damaligen Drittliga-Absteiger Halle im Juli 2024 \u00fcbernommen. Er baute eine neue Mannschaft auf, die in&hellip;\n","protected":false},"author":2,"featured_media":269026,"comment_status":"","ping_status":"","sticky":false,"template":"","format":"standard","meta":{"footnotes":""},"categories":[1860],"tags":[66990,3364,29,548,663,3934,347,30,4062,17332,12435,13,27047,75190,81,14,15,3459,17331,860,12,3499,265,3498,5421],"class_list":{"0":"post-269025","1":"post","2":"type-post","3":"status-publish","4":"format-standard","5":"has-post-thumbnail","7":"category-halle-saale","8":"tag-daniel-meyer","9":"tag-de","10":"tag-deutschland","11":"tag-eu","12":"tag-europa","13":"tag-europe","14":"tag-fussball","15":"tag-germany","16":"tag-halle","17":"tag-halle-saale","18":"tag-hallescher-fc","19":"tag-headlines","20":"tag-hfc","21":"tag-mark-zimmermann","22":"tag-mdr","23":"tag-nachrichten","24":"tag-news","25":"tag-regionalliga","26":"tag-saale","27":"tag-sachsen-anhalt","28":"tag-schlagzeilen","29":"tag-spio","30":"tag-sport","31":"tag-sport-im-osten","32":"tag-wechsel"},"share_on_mastodon":{"url":"https:\/\/pubeurope.com\/@de\/114854992700016999","error":""},"_links":{"self":[{"href":"https:\/\/www.europesays.com\/de\/wp-json\/wp\/v2\/posts\/269025","targetHints":{"allow":["GET"]}}],"collection":[{"href":"https:\/\/www.europesays.com\/de\/wp-json\/wp\/v2\/posts"}],"about":[{"href":"https:\/\/www.europesays.com\/de\/wp-json\/wp\/v2\/types\/post"}],"author":[{"embeddable":true,"href":"https:\/\/www.europesays.com\/de\/wp-json\/wp\/v2\/users\/2"}],"replies":[{"embeddable":true,"href":"https:\/\/www.europesays.com\/de\/wp-json\/wp\/v2\/comments?post=269025"}],"version-history":[{"count":0,"href":"https:\/\/www.europesays.com\/de\/wp-json\/wp\/v2\/posts\/269025\/revisions"}],"wp:featuredmedia":[{"embeddable":true,"href":"https:\/\/www.europesays.com\/de\/wp-json\/wp\/v2\/media\/269026"}],"wp:attachment":[{"href":"https:\/\/www.europesays.com\/de\/wp-json\/wp\/v2\/media?parent=269025"}],"wp:term":[{"taxonomy":"category","embeddable":true,"href":"https:\/\/www.europesays.com\/de\/wp-json\/wp\/v2\/categories?post=269025"},{"taxonomy":"post_tag","embeddable":true,"href":"https:\/\/www.europesays.com\/de\/wp-json\/wp\/v2\/tags?post=269025"}],"curies":[{"name":"wp","href":"https:\/\/api.w.org\/{rel}","templated":true}]}}