{"id":269037,"date":"2025-07-15T03:00:30","date_gmt":"2025-07-15T03:00:30","guid":{"rendered":"https:\/\/www.europesays.com\/de\/269037\/"},"modified":"2025-07-15T03:00:30","modified_gmt":"2025-07-15T03:00:30","slug":"fw-mainz-arbeitsgondel-haengt-unter-theodor-heuss-bruecke-feuerwehr-mainz-und","status":"publish","type":"post","link":"https:\/\/www.europesays.com\/de\/269037\/","title":{"rendered":"FW Mainz: Arbeitsgondel h\u00e4ngt unter Theodor-Heuss-Br\u00fccke: Feuerwehr Mainz und &#8230;"},"content":{"rendered":"<p class=\"date\">14.07.2025 \u2013 18:04<\/p>\n<p class=\"customer\">\n                        <a class=\"story-customer\" title=\"weiter zum newsroom von Feuerwehr Mainz\" href=\"https:\/\/www.presseportal.de\/blaulicht\/nr\/171463\" rel=\"nofollow noopener\" target=\"_blank\">Feuerwehr Mainz<\/a>\n                    <\/p>\n<p><a data-category=\"citylink-story-view\" data-action=\"click\" data-label=\"Citylink in Meldungsansicht\" class=\"story-city event-trigger\" href=\"https:\/\/www.presseportal.de\/regional\/Mainz\" title=\"News aus Mainz \" rel=\"nofollow noopener\" target=\"_blank\">Mainz<\/a> (ots)<\/p>\n<p>Zwei Arbeiter hingen am Montagnachmittag in einer Arbeitsgondel unter der Theodor-Heuss-Br\u00fccke zwischen Mainz und Wiesbaden fest. Gemeinsam gelang es den beiden Feuerwehren der Landeshauptst\u00e4dte, sie unverletzt nach rund 45 Minuten zu retten.<\/p>\n<p>Kurz nach 16 Uhr meldeten Arbeiter einer Wartungsfirma, dass ihr Arbeitsger\u00e4t, ein LKW mit Arbeitsgondel ausgefallen sei. Die beiden Mitarbeiter befanden sich zu der Zeit unter der Theodor-Heuss-Br\u00fccke, w\u00e4hrend das Arbeitsger\u00e4t sich nicht mehr bewegte.<\/p>\n<p>Die Berufsfeuerwehr Wiesbaden unternahm erste Ma\u00dfnahmen und r\u00fcckte daf\u00fcr auch mit H\u00f6henrettern und einem Feuerwehrboot an. Da sich die Einsatzstelle auf der Mainzer Seite befand, unterst\u00fctzte die Feuerwehr Mainz mit der Einsatzleitung und einer Drehleiter.<\/p>\n<p>W\u00e4hrend die m\u00f6gliche Rettung mit H\u00f6henrettern vorbereitet wurde, konnte das Arbeitsger\u00e4t mit einer Seilwinde in eine andere Position gezogen und eigenst\u00e4ndig neugestartet werden. Dadurch war es m\u00f6glich, dass die Gondel eigenst\u00e4ndig wieder auf die Br\u00fccke f\u00e4hrt und beide Arbeiter konnten unverletzt wieder auf sicherem Boden abgesetzt werden ohne, dass die H\u00f6henretter zum Einsatz kommen mussten.<\/p>\n<p>F\u00fcr die Rettungsarbeiten waren die beiden Fahrspuren der Br\u00fccke Richtung Wiesbaden gesperrt. Es kam in beiden Richtungen zu erheblichen Verkehrsbehinderungen bis etwa 17 Uhr. Die genaue Ursache f\u00fcr die Abschaltung wird von einer Fachfirma untersucht. Die Feuerwehren Mainz und Wiesbaden waren mit etwa 20 Einsatzkr\u00e4ften, sechs Fahrzeugen und einem Boot an der Einsatzstelle. Seitens des Rettungsdienstes waren zwei Rettungswagen und ein Notarzt in Bereitschaft vor Ort.<\/p>\n<p class=\"contact-headline\">R\u00fcckfragen bitte an:<\/p>\n<p class=\"contact-text\">Landeshauptstadt Mainz<br \/>Feuerwehr<br \/>Telefon: 06131 &#8211; 12 4650<br \/>E-Mail: <a href=\"https:\/\/www.presseportal.de\/blaulicht\/pm\/171463\/mailto: puma.feuerwehr@stadt.mainz.de\" class=\"uri-mailto\" rel=\"nofollow noopener\" target=\"_blank\"> puma.feuerwehr@stadt.mainz.de<\/a><br \/><a target=\"_blank\" class=\"uri-ext outbound\" rel=\"noopener nofollow\" href=\"http:\/\/www.berufsfeuerwehr-mainz.de\">http:\/\/www.berufsfeuerwehr-mainz.de<\/a><\/p>\n<p class=\"originator\">Original-Content von: Feuerwehr Mainz, \u00fcbermittelt durch news aktuell<\/p>\n","protected":false},"excerpt":{"rendered":"14.07.2025 \u2013 18:04 Feuerwehr Mainz Mainz (ots) Zwei Arbeiter hingen am Montagnachmittag in einer Arbeitsgondel unter der Theodor-Heuss-Br\u00fccke&hellip;\n","protected":false},"author":2,"featured_media":108,"comment_status":"","ping_status":"","sticky":false,"template":"","format":"standard","meta":{"footnotes":""},"categories":[1847],"tags":[3364,29,548,663,3934,985,30,13,2052,14,15,178,180,179,181,17273,12,1284,4544],"class_list":{"0":"post-269037","1":"post","2":"type-post","3":"status-publish","4":"format-standard","5":"has-post-thumbnail","7":"category-wiesbaden","8":"tag-de","9":"tag-deutschland","10":"tag-eu","11":"tag-europa","12":"tag-europe","13":"tag-feuerwehr","14":"tag-germany","15":"tag-headlines","16":"tag-hessen","17":"tag-nachrichten","18":"tag-news","19":"tag-presse","20":"tag-pressemeldung","21":"tag-pressemitteilung","22":"tag-pressemitteilungen","23":"tag-rp","24":"tag-schlagzeilen","25":"tag-unfall","26":"tag-wiesbaden"},"share_on_mastodon":{"url":"https:\/\/pubeurope.com\/@de\/114855020121173148","error":""},"_links":{"self":[{"href":"https:\/\/www.europesays.com\/de\/wp-json\/wp\/v2\/posts\/269037","targetHints":{"allow":["GET"]}}],"collection":[{"href":"https:\/\/www.europesays.com\/de\/wp-json\/wp\/v2\/posts"}],"about":[{"href":"https:\/\/www.europesays.com\/de\/wp-json\/wp\/v2\/types\/post"}],"author":[{"embeddable":true,"href":"https:\/\/www.europesays.com\/de\/wp-json\/wp\/v2\/users\/2"}],"replies":[{"embeddable":true,"href":"https:\/\/www.europesays.com\/de\/wp-json\/wp\/v2\/comments?post=269037"}],"version-history":[{"count":0,"href":"https:\/\/www.europesays.com\/de\/wp-json\/wp\/v2\/posts\/269037\/revisions"}],"wp:featuredmedia":[{"embeddable":true,"href":"https:\/\/www.europesays.com\/de\/wp-json\/wp\/v2\/media\/108"}],"wp:attachment":[{"href":"https:\/\/www.europesays.com\/de\/wp-json\/wp\/v2\/media?parent=269037"}],"wp:term":[{"taxonomy":"category","embeddable":true,"href":"https:\/\/www.europesays.com\/de\/wp-json\/wp\/v2\/categories?post=269037"},{"taxonomy":"post_tag","embeddable":true,"href":"https:\/\/www.europesays.com\/de\/wp-json\/wp\/v2\/tags?post=269037"}],"curies":[{"name":"wp","href":"https:\/\/api.w.org\/{rel}","templated":true}]}}