{"id":269150,"date":"2025-07-15T04:02:10","date_gmt":"2025-07-15T04:02:10","guid":{"rendered":"https:\/\/www.europesays.com\/de\/269150\/"},"modified":"2025-07-15T04:02:10","modified_gmt":"2025-07-15T04:02:10","slug":"0549-bericht-stuttgart-ruft-erstmals-mindestpreis-fuer-woltemade-auf-ntv","status":"publish","type":"post","link":"https:\/\/www.europesays.com\/de\/269150\/","title":{"rendered":"05:49 Bericht: Stuttgart ruft erstmals Mindestpreis f\u00fcr Woltemade auf &#8211; Ntv"},"content":{"rendered":"<ol>\n<li><a href=\"https:\/\/news.google.com\/rss\/articles\/CBMitAFBVV95cUxPMlNVT1ljMEFWSGt5R01vaXpLaXRkZWhVOVRRVjBuRllEZ1Q4bWszbUxXYVltc3dsVjNkSU1ZTGU4anhYSTFoZFlSLU0yRHFGTnZ6WFRrN294Z2d6Vk5yQ3VULXRVVExMLW5KenNsR0Z1ZFROaUhabTVNWlBqcDQ1a2FhUnJUSXNQSDlhQXNqck5EcDRHdnFUNWhCV0xVdTNwVndFX19sMmdPWVZKZW1OejdzdWg?oc=5\" target=\"_blank\" rel=\"nofollow noopener\">05:49 Bericht: Stuttgart ruft erstmals Mindestpreis f\u00fcr Woltemade auf<\/a>&nbsp;&nbsp;Ntv<\/li>\n<li><a href=\"https:\/\/news.google.com\/rss\/articles\/CBMi3gFBVV95cUxNdXJRMkhYeFRIMzFNOGF0NWIzWmpWRTlSSmJPLU9vT1ZtYzhLZk8zc0ZHWjhlcFEzemg2MlFnY0c2ZkdFR0N2X0cwRWV2QWxGZkc1VHFQLVNjUWo4bENpTmQ2VkZXTEhqbS1pQTc3WFZSR00yR2pzTUtTUk9iUWZ2Wm9YRjlHTkxVc0FUOC1ZVGRiQl94N3NTcnRGMUNlUXBDd250dkM0OVQxTDBUOEpNUnBBNDVnMlVIaEFTOE1qZ2RkSjU2N0M0MGVMWlF6MHlOT0RjU1Z0TWlCeFY0bXc?oc=5\" target=\"_blank\" rel=\"nofollow noopener\">VfB Stuttgart: Bayern will Woltemade! Diese Summe w\u00fcrde Stuttgart ins Gr\u00fcbeln bringen<\/a>&nbsp;&nbsp;BILD<\/li>\n<li><a href=\"https:\/\/news.google.com\/rss\/articles\/CBMi_gFBVV95cUxOemN4OUszeGI5NFhadU1adGVta0JBMlVRWGJTanRlcVJzeld3dVN4c3lzU19jNFRwTlhWSlNzNERoSlR4OUpyNjdzNjBzWENWd1FmS084U3hlMW9aMk1na21zYi1BSk1KMWUtelpJRmtYME9QOHRKdmctNk9OdnlHSWVfZ21iVnMxQ3dtZnpFaU9JUm96c1YzbGRlMEdRRDVJUXNTZDNDR1d0ZF9mdW5wYnBEOFcwcVhpNHAteUs3WFQ1ZDNCYk1hbHVQZ2NBNzhHYzAtdzhITGZEUDNQTjhIQjZhSWtjR3l0YThKUzc0ZEdlR1hMMHh2TEJFX1BfZw?oc=5\" target=\"_blank\" rel=\"nofollow noopener\">Transfer-Poker um St\u00fcrmer &#8211; Bild: VfB legt sich auf Mindestabl\u00f6se f\u00fcr Woltemade fest &#8211; Bayern &#8211; SZ.de<\/a>&nbsp;&nbsp;SZ.de<\/li>\n<li><a href=\"https:\/\/news.google.com\/rss\/articles\/CBMijgFBVV95cUxPVGp0d3ltRXNkOHRlbFpWSFBDeEI2YVBmWWhUb2hXX2QtaEFfY1ZORmZhNFFNeWJxdUZHQUdnYjNoTXdoN3hBRmkyb0Z1RHZyc1FVY2Ytc1Y4RWpkMk1sUXAweWFiNkhXNFVtUHhrNWJxb2xrYmtvdVNjSjQxZ0NEY2ZXNTlHLUpnLXdGcS1B?oc=5\" target=\"_blank\" rel=\"nofollow noopener\">Wehrle \u00e4u\u00dfert sich zu Woltemade<\/a>&nbsp;&nbsp;Kicker<\/li>\n<li><a href=\"https:\/\/news.google.com\/rss\/articles\/CBMijgJBVV95cUxOT2ZscjZmT05tNGdzN3A0cnlKc2ZNRVlWR0NPbkREdEhvX2xqdjFBazVqNk5YMmhWN0ZKR1ZPczcxQ3pvRGgtTHZsZ0otUC1wdy1Gcktmd3VFcnpPOFkzSGtlNEgtMDh4OWlqSS1kYmhhQVVqdjFVOVh6ZlYyWFVIX0JCMndmVDJhNGNWb2J2NjRic3g4ME91SXBPU3dXeVNBTjc5dFRZSUVjX0ZVV19sdTl3bWE3UU4zZHRiSjVBSUdRS2NJZmVXQml6NUxTS1ZpMHpRR1RZMnhTc0hJRGNpRzZjcDFLYnZ3SEFIazVXQ2dmNlZ5cUtfSVJFTWxFMXFSRDZYV1JUbWk5aktvV1E?oc=5\" target=\"_blank\" rel=\"nofollow noopener\">FC Bayern M\u00fcnchen, News und Ger\u00fcchte: &#8222;Dieses Thema war ein Schlag, wow&#8220; &#8211; Brisante Aussagen zum Werben des FCB um Nick Woltemade<\/a>&nbsp;&nbsp;SPOX<\/li>\n<\/ol>\n","protected":false},"excerpt":{"rendered":"05:49 Bericht: Stuttgart ruft erstmals Mindestpreis f\u00fcr Woltemade auf&nbsp;&nbsp;Ntv VfB Stuttgart: Bayern will Woltemade! Diese Summe w\u00fcrde Stuttgart&hellip;\n","protected":false},"author":2,"featured_media":269151,"comment_status":"","ping_status":"","sticky":false,"template":"","format":"standard","meta":{"footnotes":"","_share_on_mastodon":"0"},"categories":[1773],"tags":[5001,282,29,214,30,20165,471,1780,283,1441,215,59788],"class_list":["post-269150","post","type-post","status-publish","format-standard","has-post-thumbnail","category-serien","tag-bericht","tag-der","tag-deutschland","tag-entertainment","tag-germany","tag-mindestpreis","tag-serien","tag-series","tag-sport-tag","tag-stuttgart","tag-unterhaltung","tag-woltemade"],"share_on_mastodon":{"url":"https:\/\/pubeurope.com\/@de\/114855263894733324","error":""},"_links":{"self":[{"href":"https:\/\/www.europesays.com\/de\/wp-json\/wp\/v2\/posts\/269150","targetHints":{"allow":["GET"]}}],"collection":[{"href":"https:\/\/www.europesays.com\/de\/wp-json\/wp\/v2\/posts"}],"about":[{"href":"https:\/\/www.europesays.com\/de\/wp-json\/wp\/v2\/types\/post"}],"author":[{"embeddable":true,"href":"https:\/\/www.europesays.com\/de\/wp-json\/wp\/v2\/users\/2"}],"replies":[{"embeddable":true,"href":"https:\/\/www.europesays.com\/de\/wp-json\/wp\/v2\/comments?post=269150"}],"version-history":[{"count":0,"href":"https:\/\/www.europesays.com\/de\/wp-json\/wp\/v2\/posts\/269150\/revisions"}],"wp:featuredmedia":[{"embeddable":true,"href":"https:\/\/www.europesays.com\/de\/wp-json\/wp\/v2\/media\/269151"}],"wp:attachment":[{"href":"https:\/\/www.europesays.com\/de\/wp-json\/wp\/v2\/media?parent=269150"}],"wp:term":[{"taxonomy":"category","embeddable":true,"href":"https:\/\/www.europesays.com\/de\/wp-json\/wp\/v2\/categories?post=269150"},{"taxonomy":"post_tag","embeddable":true,"href":"https:\/\/www.europesays.com\/de\/wp-json\/wp\/v2\/tags?post=269150"}],"curies":[{"name":"wp","href":"https:\/\/api.w.org\/{rel}","templated":true}]}}