{"id":269213,"date":"2025-07-15T04:38:16","date_gmt":"2025-07-15T04:38:16","guid":{"rendered":"https:\/\/www.europesays.com\/de\/269213\/"},"modified":"2025-07-15T04:38:16","modified_gmt":"2025-07-15T04:38:16","slug":"frankreich-tag-der-bastille-mit-einer-jaehrlichen-militaerparade-in-paris","status":"publish","type":"post","link":"https:\/\/www.europesays.com\/de\/269213\/","title":{"rendered":"Frankreich: Tag der Bastille mit einer j\u00e4hrlichen Milit\u00e4rparade in Paris"},"content":{"rendered":"<p>  Von&amp;nbsp<a href=\"https:\/\/de.euronews.com\/profile\/3168\" target=\"_blank\" rel=\"noopener\">Emma De Ruiter<\/a>&amp;nbspmit&amp;nbsp<b>AP<\/b><\/p>\n<p>\n         Zuerst ver\u00f6ffentlicht am<br \/>\n            15\/07\/2025 &#8211; 5:55 MESZ<\/p>\n<p><img decoding=\"async\" class=\"c-ad__placeholder__logo\" src=\"https:\/\/static.euronews.com\/website\/images\/logos\/logo-euronews-grey-6-180x22.svg\" width=\"180\" height=\"22\" alt=\"\" loading=\"lazy\"\/>WERBUNG<\/p>\n<p>Frankreich feierte am Montag seinen gr\u00f6\u00dften Nationalfeiertag, den Tag der Bastille, mit \u00dcberfl\u00fcgen von Milit\u00e4rjets, einer Drohnen-Lichtshow \u00fcber dem Eiffelturm und Feuerwerken in fast jeder Stadt.<\/p>\n<p>Rund 7.000 Menschen marschierten zu Pferd oder in gepanzerten Fahrzeugen \u00fcber das Kopfsteinpflaster der Pariser Prachtstra\u00dfe Champs-\u00c9lys\u00e9es, und im ganzen Land waren weitere Veranstaltungen geplant.<\/p>\n<p>Der Feiertag erinnert an den Tag, an dem die Pariser am 14. Juli 1789 die Festung und das Gef\u00e4ngnis der Bastille st\u00fcrmten &#8211; das Ereignis, das die Franz\u00f6sische Revolution ausl\u00f6ste und schlie\u00dflich zum Sturz der Monarchie f\u00fchrte.<\/p>\n<p>In den folgenden zwei Jahrhunderten erlebte Frankreich den Aufstieg und Fall des napoleonischen Reiches, gefolgt von Aufst\u00e4nden und zwei Weltkriegen, bevor es sich in der heutigen, 1958 gegr\u00fcndeten F\u00fcnften Republik einrichtete.<\/p>\n<p>Der Tag der Bastille ist zu einem zentralen Feiertag im modernen Frankreich geworden, an dem die Demokratie und der Nationalstolz gefeiert werden.<\/p>\n<p>Die Milit\u00e4rparade unter dem Arc de Triomphe hatte den US-Pr\u00e4sidenten Donald Trump im Jahr 2017 so beeindruckt, dass er sich davon inspirieren lie\u00df, Anfang dieses Jahres <a href=\"https:\/\/de.euronews.com\/2025\/06\/15\/inmitten-von-protesten-trump-veranstaltet-militarparade\" target=\"_blank\" rel=\"noopener\"><strong>seine eigene Parade<\/strong><\/a> abzuhalten.<\/p>\n<p>Der franz\u00f6sische Pr\u00e4sident Emmanuel Macron begutachtete  die Truppen und entz\u00fcndete wieder die ewige Flamme unter dem Triumphbogen.<\/p>\n<p>Bei der Veranstaltung in Paris \u00fcberflogen Kampfflugzeuge die Flamme und zogen roten, wei\u00dfen und blauen Rauch, die Nationalfarben Frankreichs, hinter sich her. Am Abend gab es eine Drohnen-Lichtshow und ein Feuerwerk am Eiffelturm.<\/p>\n<p>Zunehmend internationaler Charakter<\/p>\n<p>In diesem Jahr ist Indonesien Ehrengast. Pr\u00e4sident Prabowo Subianto vertritt das gr\u00f6\u00dfte Land mit muslimischer Bev\u00f6lkerungsmehrheit, das auch ein wichtiger wirtschaftlicher und milit\u00e4rischer Akteur in Asien ist.<\/p>\n<p>Am Sonntag traf Subianto mit der Pr\u00e4sidentin der Europ\u00e4ischen Kommission, Ursula von der Leyen, zusammen, als Indonesien und Br\u00fcssel eine Einigung \u00fcber ein Handelsabkommen erzielten, das indonesischen Waren den zollfreien Zugang zur EU sichert.<\/p>\n<p>Indonesische Truppen, darunter 200 Trommler, nahmen an der Parade teil, und es wird erwartet, dass Indonesien w\u00e4hrend seines Besuchs neue K\u00e4ufe von Rafale-Kampfjets und anderer franz\u00f6sischer Milit\u00e4rausr\u00fcstung best\u00e4tigen wird.<\/p>\n<p>Finnische Truppen, die in der UN-Truppe im Libanon dienen, sowie belgische und luxemburgische Truppen, die in einer NATO-Truppe in Rum\u00e4nien dienen, marschierten ebenfalls durch Paris, was den zunehmend internationalen Charakter der Veranstaltung widerspiegelt.<\/p>\n<p>Unter den eingeladenen W\u00fcrdentr\u00e4gern war auch Fousseynou Samba Cisse sein, der Anfang des Monats zwei Babys aus einer brennenden Wohnung gerettet hatte und in letzter Minute von Macron pers\u00f6nlich telefonisch eingeladen wurde.<\/p>\n<p>Frankreich vergibt traditionell am Bastille-Tag auch besondere Auszeichnungen &#8211; darunter die prestigetr\u00e4chtigste, die Ehrenlegion &#8211; an verdiente Pers\u00f6nlichkeiten. Zu den diesj\u00e4hrigen Preistr\u00e4gern geh\u00f6rt Gis\u00e8le Pelicot, die w\u00e4hrend eines viermonatigen Prozesses, in dem ihr Ehemann und Dutzende von M\u00e4nnern wegen sexueller \u00dcbergriffe auf sie verurteilt wurden, w\u00e4hrend sie unter Drogeneinfluss bewusstlos war, <a href=\"https:\/\/de.euronews.com\/my-europe\/2024\/09\/15\/wie-gisele-pelicot-zu-frankreichs-symbol-fur-den-kampf-gegen-sexuelle-gewalt-wurde\" target=\"_blank\" rel=\"noopener\"><strong>zu einer weltweiten Heldin f\u00fcr Opfer sexueller Gewalt<\/strong><\/a> wurde.<\/p>\n<p>Am Vorabend des Bastille-Tags k\u00fcndigte Macron zus\u00e4tzliche franz\u00f6sische Milit\u00e4rausgaben in H\u00f6he von 6,5 Milliarden Euro f\u00fcr die n\u00e4chsten zwei Jahre an, um neuen Bedrohungen von Russland bis hin zu Terrorismus und Online-Angriffen zu begegnen.<\/p>\n<p>Der franz\u00f6sische Staatschef rief zu verst\u00e4rkten Anstrengungen zum Schutz Europas und zur Unterst\u00fctzung der Ukraine auf.<\/p>\n<p>&#8222;Seit 1945 war unsere Freiheit noch nie so bedroht und noch nie so ernsthaft. Wir erleben eine R\u00fcckkehr zur Tatsache einer nuklearen Bedrohung und eine Ausbreitung gro\u00dfer Konflikte&#8220;, meinte Macron.<\/p>\n","protected":false},"excerpt":{"rendered":"Von&amp;nbspEmma De Ruiter&amp;nbspmit&amp;nbspAP Zuerst ver\u00f6ffentlicht am 15\/07\/2025 &#8211; 5:55 MESZ WERBUNG Frankreich feierte am Montag seinen gr\u00f6\u00dften Nationalfeiertag,&hellip;\n","protected":false},"author":2,"featured_media":269214,"comment_status":"","ping_status":"","sticky":false,"template":"","format":"standard","meta":{"footnotes":""},"categories":[3974],"tags":[331,332,548,663,3934,3980,156,13,9978,14,15,319,12],"class_list":{"0":"post-269213","1":"post","2":"type-post","3":"status-publish","4":"format-standard","5":"has-post-thumbnail","7":"category-frankreich","8":"tag-aktuelle-nachrichten","9":"tag-aktuelle-news","10":"tag-eu","11":"tag-europa","12":"tag-europe","13":"tag-france","14":"tag-frankreich","15":"tag-headlines","16":"tag-militaerparade","17":"tag-nachrichten","18":"tag-news","19":"tag-paris","20":"tag-schlagzeilen"},"share_on_mastodon":{"url":"https:\/\/pubeurope.com\/@de\/114855405340174133","error":""},"_links":{"self":[{"href":"https:\/\/www.europesays.com\/de\/wp-json\/wp\/v2\/posts\/269213","targetHints":{"allow":["GET"]}}],"collection":[{"href":"https:\/\/www.europesays.com\/de\/wp-json\/wp\/v2\/posts"}],"about":[{"href":"https:\/\/www.europesays.com\/de\/wp-json\/wp\/v2\/types\/post"}],"author":[{"embeddable":true,"href":"https:\/\/www.europesays.com\/de\/wp-json\/wp\/v2\/users\/2"}],"replies":[{"embeddable":true,"href":"https:\/\/www.europesays.com\/de\/wp-json\/wp\/v2\/comments?post=269213"}],"version-history":[{"count":0,"href":"https:\/\/www.europesays.com\/de\/wp-json\/wp\/v2\/posts\/269213\/revisions"}],"wp:featuredmedia":[{"embeddable":true,"href":"https:\/\/www.europesays.com\/de\/wp-json\/wp\/v2\/media\/269214"}],"wp:attachment":[{"href":"https:\/\/www.europesays.com\/de\/wp-json\/wp\/v2\/media?parent=269213"}],"wp:term":[{"taxonomy":"category","embeddable":true,"href":"https:\/\/www.europesays.com\/de\/wp-json\/wp\/v2\/categories?post=269213"},{"taxonomy":"post_tag","embeddable":true,"href":"https:\/\/www.europesays.com\/de\/wp-json\/wp\/v2\/tags?post=269213"}],"curies":[{"name":"wp","href":"https:\/\/api.w.org\/{rel}","templated":true}]}}